{"id":6061,"date":"2025-01-26T12:50:50","date_gmt":"2025-01-26T12:50:50","guid":{"rendered":"https:\/\/florian-schreibt.de\/?p=6061"},"modified":"2026-04-09T06:27:32","modified_gmt":"2026-04-09T06:27:32","slug":"coche-electrico-2025-experiencias-consejos","status":"publish","type":"post","link":"https:\/\/florian-schreibt.de\/es\/coche-electrico-2025-experiencias-consejos\/","title":{"rendered":"El coche el\u00e9ctrico 2025: experiencias, consejos y datos sobre coches el\u00e9ctricos"},"content":{"rendered":"\n<div class=\"wp-block-uagb-container uagb-block-9106a457 alignfull uagb-is-root-container\"><div class=\"uagb-container-inner-blocks-wrap\">\n<div class=\"wp-block-uagb-container uagb-block-440d8177 alignfull uagb-is-root-container\"><div class=\"uagb-container-inner-blocks-wrap\">\n<header class=\"wp-block-uagb-advanced-heading uagb-block-451cebcc\"><h2 class=\"uagb-heading-text\">El coche el\u00e9ctrico 2025: experiencias, consejos y datos sobre coches el\u00e9ctricos<\/h2><\/header>\n<\/div><\/div>\n\n\n\n<div class=\"wp-block-uagb-container uagb-block-186bb4cc alignfull uagb-is-root-container\"><div class=\"uagb-container-inner-blocks-wrap\">\n<div class=\"wp-block-uagb-container uagb-block-03cccea9\">\n<div class=\"wp-block-uagb-container uagb-block-bfbc0da2\">\n<div class=\"wp-block-uagb-container uagb-block-219d39d8\">\n<div class=\"wp-block-uagb-container uagb-block-f338b4e0\"><style>.wp-block-kadence-advancedbtn.kb-btns5877_ab6f8f-96{gap:var(--global-kb-gap-xs, 0.5rem );justify-content:center;align-items:center;}.kt-btns5877_ab6f8f-96 .kt-button{font-weight:normal;font-style:normal;}.kt-btns5877_ab6f8f-96 .kt-btn-wrap-0{margin-right:5px;}.wp-block-kadence-advancedbtn.kt-btns5877_ab6f8f-96 .kt-btn-wrap-0 .kt-button{color:#555555;border-color:#555555;}.wp-block-kadence-advancedbtn.kt-btns5877_ab6f8f-96 .kt-btn-wrap-0 .kt-button:hover, .wp-block-kadence-advancedbtn.kt-btns5877_ab6f8f-96 .kt-btn-wrap-0 .kt-button:focus{color:#ffffff;border-color:#444444;}.wp-block-kadence-advancedbtn.kt-btns5877_ab6f8f-96 .kt-btn-wrap-0 .kt-button::before{display:none;}.wp-block-kadence-advancedbtn.kt-btns5877_ab6f8f-96 .kt-btn-wrap-0 .kt-button:hover, .wp-block-kadence-advancedbtn.kt-btns5877_ab6f8f-96 .kt-btn-wrap-0 .kt-button:focus{background:#444444;}<\/style>\n<div class=\"wp-block-kadence-advancedbtn kb-buttons-wrap kb-btns5877_ab6f8f-96\"><style>ul.menu .wp-block-kadence-advancedbtn .kb-btn5877_52fa20-2a.kb-button{width:initial;}.wp-block-kadence-advancedbtn .kb-btn5877_52fa20-2a.kb-button{color:var(--ast-global-color-6);background:var(--ast-global-color-0);}<\/style><a class=\"kb-button kt-button button kb-btn5877_52fa20-2a kt-btn-size-standard kt-btn-width-type-auto kb-btn-global-inherit  kt-btn-has-text-true kt-btn-has-svg-false  wp-block-button__link wp-block-kadence-singlebtn\" href=\"https:\/\/florian-schreibt.de\/es\/datos-interesantes-sobre-mi-v1-0\/\"><span class=\"kt-btn-inner-text\">Sobre m\u00ed<\/span><\/a><\/div>\n<\/div>\n\n\n\n<div class=\"wp-block-uagb-container uagb-block-34eaf5c7\"><style>.wp-block-kadence-advancedbtn.kb-btns5877_b66934-31{gap:var(--global-kb-gap-xs, 0.5rem );justify-content:center;align-items:center;}.kt-btns5877_b66934-31 .kt-button{font-weight:normal;font-style:normal;}.kt-btns5877_b66934-31 .kt-btn-wrap-0{margin-right:5px;}.wp-block-kadence-advancedbtn.kt-btns5877_b66934-31 .kt-btn-wrap-0 .kt-button{color:#555555;border-color:#555555;}.wp-block-kadence-advancedbtn.kt-btns5877_b66934-31 .kt-btn-wrap-0 .kt-button:hover, .wp-block-kadence-advancedbtn.kt-btns5877_b66934-31 .kt-btn-wrap-0 .kt-button:focus{color:#ffffff;border-color:#444444;}.wp-block-kadence-advancedbtn.kt-btns5877_b66934-31 .kt-btn-wrap-0 .kt-button::before{display:none;}.wp-block-kadence-advancedbtn.kt-btns5877_b66934-31 .kt-btn-wrap-0 .kt-button:hover, .wp-block-kadence-advancedbtn.kt-btns5877_b66934-31 .kt-btn-wrap-0 .kt-button:focus{background:#444444;}<\/style>\n<div class=\"wp-block-kadence-advancedbtn kb-buttons-wrap kb-btns5877_b66934-31\"><style>ul.menu .wp-block-kadence-advancedbtn .kb-btn5877_b9e64a-4c.kb-button{width:initial;}.wp-block-kadence-advancedbtn .kb-btn5877_b9e64a-4c.kb-button{color:var(--ast-global-color-6);background:var(--ast-global-color-0);}<\/style><a class=\"kb-button kt-button button kb-btn5877_b9e64a-4c kt-btn-size-standard kt-btn-width-type-auto kb-btn-global-inherit  kt-btn-has-text-true kt-btn-has-svg-false  wp-block-button__link wp-block-kadence-singlebtn\" href=\"https:\/\/florian-schreibt.de\/blog\/\"><span class=\"kt-btn-inner-text\">Al blog<\/span><\/a><\/div>\n<\/div>\n<\/div>\n<\/div>\n<\/div>\n<\/div><\/div>\n\n\n\n<p class=\"has-text-align-left\"><strong>Hola y bienvenidos,<\/strong><\/p>\n\n\n\n<p class=\"has-text-align-left\">El mundo de la electromovilidad es apasionante, din\u00e1mico y, a menudo, lleno de interrogantes. En este art\u00edculo quiero ofrecerte una visi\u00f3n personal de este fascinante mundo.   <\/p>\n\n\n\n<p class=\"has-text-align-left\">A partir de las preguntas m\u00e1s frecuentes, respondo a las posibilidades actuales y a las subvenciones e incentivos disponibles.<\/p>\n\n\n\n<p class=\"has-text-align-left\"><strong>Tenga en cuenta que los importes indicados son valores comparativos y ejemplos que pueden variar seg\u00fan el pa\u00eds, el programa y el momento.  <\/strong><\/p>\n\n\n\n<p class=\"has-text-align-left\">Mi objetivo es darle no s\u00f3lo los hechos, sino tambi\u00e9n una idea de c\u00f3mo se siente el Stromer en la pr\u00e1ctica: desde las subvenciones y las primas hasta las perspectivas suprarregionales.<\/p>\n\n\n\n<p class=\"has-text-align-left\">Emprendamos juntos este apasionante viaje y descubramos qu\u00e9 oportunidades nos esperan en la electromovilidad.<\/p>\n\n\n<style>.kb-table-of-content-nav.kb-table-of-content-id5877_6a8f36-73 .kb-table-of-content-wrap{padding-top:var(--global-kb-spacing-sm, 1.5rem);padding-right:var(--global-kb-spacing-sm, 1.5rem);padding-bottom:var(--global-kb-spacing-sm, 1.5rem);padding-left:var(--global-kb-spacing-sm, 1.5rem);}.kb-table-of-content-nav.kb-table-of-content-id5877_6a8f36-73 .kb-table-of-contents-title-wrap{padding-top:0px;padding-right:0px;padding-bottom:0px;padding-left:0px;}.kb-table-of-content-nav.kb-table-of-content-id5877_6a8f36-73 .kb-table-of-contents-title{font-size:var(--global-kb-font-size-xl, 3rem);font-weight:regular;font-style:normal;}.kb-table-of-content-nav.kb-table-of-content-id5877_6a8f36-73 .kb-table-of-content-wrap .kb-table-of-content-list{font-weight:regular;font-style:normal;margin-top:var(--global-kb-spacing-sm, 1.5rem);margin-right:0px;margin-bottom:0px;margin-left:0px;}<\/style>\n\n\n<div class=\"wp-block-uagb-container uagb-block-85b15762\">\n<h2 class=\"wp-block-heading\">La decisi\u00f3n a favor de un nuevo coche el\u00e9ctrico<\/h2>\n\n\n\n<div class=\"wp-block-uagb-image uagb-block-23d0c817 wp-block-uagb-image--layout-default wp-block-uagb-image--effect-static wp-block-uagb-image--align-none\"><figure class=\"wp-block-uagb-image__figure\"><img decoding=\"async\" src=\"https:\/\/florian-schreibt.de\/wp-content\/uploads\/2025\/01\/Elektroauto-2025-3-1024x461.webp\" alt=\"El coche el\u00e9ctrico 2025: experiencias, consejos y datos sobre los coches el\u00e9ctricos\" class=\"uag-image-5890\" width=\"1200\" height=\"540\" title=\"Coche el\u00e9ctrico 2025 3\" loading=\"lazy\" role=\"img\"><\/figure><\/div>\n\n\n\n<h3 class=\"wp-block-heading\">\u00bfPor qu\u00e9 compr\u00f3 un coche el\u00e9ctrico? \u00bfQu\u00e9 era importante para ti y qu\u00e9 modelo? <\/h3>\n\n\n\n<p>A estas alturas, lo m\u00e1s probable es que la mayor\u00eda de la gente piense que se hizo por motivos medioambientales, pero en realidad esa no era la raz\u00f3n principal, sino el \u00abnice-to-have\u00bb.<\/p>\n\n\n\n<h4 class=\"wp-block-heading\">Tecnolog\u00eda y seguridad<\/h4>\n\n\n\n<div class=\"wp-block-uagb-image uagb-block-5d2c29f1 wp-block-uagb-image--layout-default wp-block-uagb-image--effect-static wp-block-uagb-image--align-none\"><figure class=\"wp-block-uagb-image__figure\"><img decoding=\"async\" src=\"https:\/\/florian-schreibt.de\/wp-content\/uploads\/2025\/01\/Elektroauto-2025-4-1024x461.webp\" alt=\"El coche el\u00e9ctrico 2025: experiencias, consejos y datos sobre los coches el\u00e9ctricos\" class=\"uag-image-5895\" width=\"1200\" height=\"540\" title=\"Coche el\u00e9ctrico 2025 4\" loading=\"lazy\" role=\"img\"><\/figure><\/div>\n\n\n\n<p>Soy aficionado a la tecnolog\u00eda desde ni\u00f1o, por eso me gusta estar al tanto de las novedades, porque estos temas me interesan. Por eso me familiaric\u00e9 r\u00e1pidamente con los nuevos coches y gamas el\u00e9ctricas, desde los coches peque\u00f1os hasta los SUV. <\/p>\n\n\n\n<p>Tambi\u00e9n s\u00e9, por mi larga experiencia en el sector del autom\u00f3vil, que invertir en seguridad de vanguardia es siempre una inversi\u00f3n sensata.  <\/p>\n\n\n\n<p>No s\u00f3lo para m\u00ed, sino tambi\u00e9n para los dem\u00e1s.<\/p>\n\n\n\n<p><strong>Y no hay que enga\u00f1arse. El desarrollo mundial se est\u00e1 centrando claramente en los sistemas de propulsi\u00f3n alternativos, y todos los desarrollos posteriores se orientan tambi\u00e9n hacia estos veh\u00edculos.   <\/strong><\/p>\n\n\n\n<p>No cabe duda de que los conceptos de seguridad tambi\u00e9n pueden utilizarse en los veh\u00edculos de combusti\u00f3n, pero ya no se desarrollan para ellos, sino que s\u00f3lo se adaptan.<\/p>\n\n\n\n<p>Y \u00e9sta es una diferencia importante entre el desarrollo industrial actual y el pasado.<\/p>\n\n\n\n<h4 class=\"wp-block-heading\">El coste del e-car<\/h4>\n\n\n\n<div class=\"wp-block-uagb-image uagb-block-56966bfe wp-block-uagb-image--layout-default wp-block-uagb-image--effect-static wp-block-uagb-image--align-none\"><figure class=\"wp-block-uagb-image__figure\"><img decoding=\"async\" src=\"https:\/\/florian-schreibt.de\/wp-content\/uploads\/2025\/01\/Elektroauto-2025-1-1-549x1024.webp\" alt=\"El coche el\u00e9ctrico 2025: experiencias, consejos y datos sobre los coches el\u00e9ctricos\" class=\"uag-image-5900\" width=\"900\" height=\"1680\" title=\"Coche el\u00e9ctrico 2025 1\" loading=\"lazy\" role=\"img\"><\/figure><\/div>\n\n\n\n<p>Luego, por supuesto, est\u00e1n los costes. Soy una persona de n\u00fameros y, sobre todo con este tipo de inversiones importantes, las miro varias veces y hago cuentas, tanto en lo que se refiere a los costes de compra como a los de explotaci\u00f3n.   <\/p>\n\n\n\n<p>Por lo tanto, ya en 2022 analic\u00e9 el mercado en detalle y mir\u00e9 y prob\u00e9 muchos veh\u00edculos diferentes antes de tomar mi decisi\u00f3n.<\/p>\n\n\n\n<p>A continuaci\u00f3n le facilito un ejemplo de c\u00e1lculo para que se haga una idea general.<\/p>\n\n\n\n<p>Y desde mi experiencia personal de los \u00faltimos 1,5 a\u00f1os, puedo decir que se han cumplido mis expectativas. Mis expectativas se han cumplido y mis costes est\u00e1n dentro de la horquilla que calcul\u00e9. Por tanto, todo va bien.  <\/p>\n\n\n\n<h4 class=\"wp-block-heading\">El aspecto medioambiental de los coches el\u00e9ctricos<\/h4>\n\n\n\n<div class=\"wp-block-uagb-image uagb-block-241f4198 wp-block-uagb-image--layout-default wp-block-uagb-image--effect-static wp-block-uagb-image--align-none\"><figure class=\"wp-block-uagb-image__figure\"><img decoding=\"async\" src=\"https:\/\/florian-schreibt.de\/wp-content\/uploads\/2025\/01\/Elektroauto-2025-5-1024x461.webp\" alt=\"El coche el\u00e9ctrico 2025: experiencias, consejos y datos sobre los coches el\u00e9ctricos\" class=\"uag-image-5905\" width=\"1200\" height=\"540\" title=\"Coche el\u00e9ctrico 2025 5\" loading=\"lazy\" role=\"img\"><\/figure><\/div>\n\n\n\n<p>Por supuesto, tambi\u00e9n est\u00e1 el aspecto medioambiental, que tambi\u00e9n es importante para m\u00ed a pesar de las razones principales.<\/p>\n\n\n\n<p>S\u00e9 que hay voces a favor y en contra, pero la mayor\u00eda de los estudios demuestran que el efecto entre los motores de combusti\u00f3n y los el\u00e9ctricos es un efecto temporal.<\/p>\n\n\n\n<p>Ambos veh\u00edculos son diferentes en producci\u00f3n.  <\/p>\n\n\n\n<p>El motor de combusti\u00f3n tiene un dise\u00f1o eficiente y una baja huella medioambiental en la producci\u00f3n.  <\/p>\n\n\n\n<p>Actualmente, los coches el\u00e9ctricos siguen teniendo la desventaja de que la tecnolog\u00eda de las bater\u00edas es m\u00e1s perjudicial para el medio ambiente.<\/p>\n\n\n\n<p>Aunque esta desventaja se compensar\u00e1 pronto con nuevas generaciones de bater\u00edas con m\u00e1s kil\u00f3metros de autonom\u00eda sin litio, estamos ante la situaci\u00f3n actual.<\/p>\n\n\n\n<p>Sin embargo, en funcionamiento, sobre todo si utilizas electricidad verde como yo, el equilibrio ya est\u00e1 completamente invertido.  <\/p>\n\n\n\n<div class=\"wp-block-uagb-image uagb-block-5e51ad9f wp-block-uagb-image--layout-default wp-block-uagb-image--effect-static wp-block-uagb-image--align-none\"><figure class=\"wp-block-uagb-image__figure\"><img decoding=\"async\" src=\"https:\/\/florian-schreibt.de\/wp-content\/uploads\/2025\/01\/Elektroauto-2025-6-581x1024.webp\" alt=\"El coche el\u00e9ctrico 2025: experiencias, consejos y datos sobre los coches el\u00e9ctricos\" class=\"uag-image-5910\" width=\"681\" height=\"1200\" title=\"Coche el\u00e9ctrico 2025 6\" loading=\"lazy\" role=\"img\"><\/figure><\/div>\n\n\n\n<p>Cuanto m\u00e1s tiempo est\u00e9 en funcionamiento un motor de combusti\u00f3n, peor ser\u00e1 su balance y mayor su desventaja, hasta que llegue un momento en que los nuevos coches el\u00e9ctricos lo hayan superado y le saquen cada vez m\u00e1s ventaja.<\/p>\n\n\n\n<p>Para m\u00ed, esa es la raz\u00f3n por la que no vuelvo al motor de combusti\u00f3n en t\u00e9rminos puramente econ\u00f3micos. Adem\u00e1s del balance medioambiental, tanto la comparaci\u00f3n de costes como los costes de mantenimiento muestran un mejor panorama con los nuevos propulsores. <\/p>\n\n\n\n<p>Sin duda hay alternativas, como el hidr\u00f3geno en el futuro o una combinaci\u00f3n de estas formas de propulsi\u00f3n.<\/p>\n\n\n\n<p><strong>Pero el motor de combusti\u00f3n ha resistido el paso del tiempo.<\/strong> <\/p>\n\n\n\n<p>Cuando trabajaba en la industria del autom\u00f3vil, hace d\u00e9cadas me dijeron claramente que la tecnolog\u00eda estaba anticuada.  <\/p>\n\n\n\n<p>Sin embargo, mientras hubo dinero que ganar, otros planes se quedaron en el caj\u00f3n. Pero el el\u00e9ctrico se est\u00e1 convirtiendo cada vez m\u00e1s en un mercado de masas, incluso en el extranjero.   <\/p>\n\n\n\n<p>Y el desarrollo continuar\u00e1, participen o no en \u00e9l los distintos pa\u00edses.  <\/p>\n\n\n\n<p>Algunos pa\u00edses subvencionan no s\u00f3lo la compra, sino tambi\u00e9n la infraestructura de recarga, mientras que otros no. Pero echemos un vistazo m\u00e1s de cerca a la nueva clase. <\/p>\n\n\n\n<h3 class=\"wp-block-heading\">\u00bfQu\u00e9 hace que un coche el\u00e9ctrico sea 2025? \u00bfY la tecnolog\u00eda? <\/h3>\n\n\n\n<h4 class=\"wp-block-heading\">La experiencia de conducci\u00f3n<\/h4>\n\n\n\n<div class=\"wp-block-uagb-image uagb-block-7077da6c wp-block-uagb-image--layout-default wp-block-uagb-image--effect-static wp-block-uagb-image--align-none\"><figure class=\"wp-block-uagb-image__figure\"><img decoding=\"async\" src=\"https:\/\/florian-schreibt.de\/wp-content\/uploads\/2025\/01\/Elektroauto-2025-7-1024x461.webp\" alt=\"El coche el\u00e9ctrico 2025: experiencias, consejos y datos sobre los coches el\u00e9ctricos\" class=\"uag-image-5915\" width=\"1200\" height=\"540\" title=\"Coche el\u00e9ctrico 2025 7\" loading=\"lazy\" role=\"img\"><\/figure><\/div>\n\n\n\n<p>Como aficionado a los coches, adem\u00e1s de los factores b\u00e1sicos antes mencionados, la experiencia de conducci\u00f3n y el manejo son, por supuesto, tambi\u00e9n importantes para m\u00ed. Y son una nueva forma de movilidad con este tipo de coches, puedo decirlo por mi experiencia. <\/p>\n\n\n\n<p>Empieza por la propia conducci\u00f3n.  <\/p>\n\n\n\n<p><strong>Es m\u00e1s un planeo que un paseo. Piensa en ello como si simplemente condujeras.   <\/strong><\/p>\n\n\n\n<p>El veh\u00edculo reacciona inmediatamente, no hay retrasos reales y la velocidad aumenta de forma suave y sencilla. Sin cambios ni pausas, ya que el veh\u00edculo no tiene ni necesita caja de cambios. <\/p>\n\n\n\n<p>Esto tambi\u00e9n le proporciona m\u00e1s espacio interior, ya que s\u00f3lo dispone de una consola central para mayor comodidad.<\/p>\n\n\n\n<p>Tambi\u00e9n est\u00e1 la llamada recuperaci\u00f3n.  <\/p>\n\n\n\n<h4 class=\"wp-block-heading\">Recuperaci\u00f3n<\/h4>\n\n\n\n<div class=\"wp-block-uagb-image uagb-block-381e883f wp-block-uagb-image--layout-default wp-block-uagb-image--effect-static wp-block-uagb-image--align-none\"><figure class=\"wp-block-uagb-image__figure\"><img decoding=\"async\" src=\"https:\/\/florian-schreibt.de\/wp-content\/uploads\/2025\/01\/Elektroauto-2025-10-1024x461.webp\" alt=\"El coche el\u00e9ctrico 2025: experiencias, consejos y datos sobre los coches el\u00e9ctricos\" class=\"uag-image-5940\" width=\"1024\" height=\"461\" title=\"Coche el\u00e9ctrico 2025 10\" loading=\"lazy\" role=\"img\"><\/figure><\/div>\n\n\n\n<p>Esto significa que el veh\u00edculo reutiliza la energ\u00eda generada por el frenado directamente a partir del consumo energ\u00e9tico previo y no representa simplemente una p\u00e9rdida de valor, como ocurre con la mayor\u00eda de los motores de combusti\u00f3n.<\/p>\n\n\n\n<p>En mi vida cotidiana, en realidad s\u00f3lo uso el acelerador la mayor parte del tiempo. Estoy conduciendo por una carretera comarcal a 100 km\/h. Entonces veo la se\u00f1al de la ciudad a lo lejos y levanto el pie del acelerador.    <\/p>\n\n\n\n<p>La recuperaci\u00f3n comienza inmediatamente a reducir suavemente la velocidad y a devolverla a la bater\u00eda, y la sensaci\u00f3n de sincronizaci\u00f3n que se desarrolla significa que se llega a 50 km\/h en la se\u00f1al de tr\u00e1fico de la ciudad sin haber frenado activamente en absoluto. Esto tambi\u00e9n protege los frenos y los neum\u00e1ticos.   <\/p>\n\n\n\n<p>En los tramos empinados y m\u00e1s largos, que tengo a menudo aqu\u00ed en el sur de Alemania, me ha ocurrido varias veces que la energ\u00eda devuelta era tan alta que recuperaba un porcentaje de la energ\u00eda de la bater\u00eda.<\/p>\n\n\n\n<p>Pero si no tengo que reaccionar ante otros veh\u00edculos, sem\u00e1foros o cualquier otra cosa que tenga delante, rara vez tengo que frenar activamente. Pr\u00e1cticamente s\u00f3lo hay que dejarlo rodar hasta alcanzar la velocidad a la que se puede volver a frenar con el acelerador. <\/p>\n\n\n\n<p>As\u00ed que la conducci\u00f3n tambi\u00e9n cambia por completo tu estilo de conducci\u00f3n si la utilizas de forma eficaz para ti.  <\/p>\n\n\n\n<p><strong>Cuando viajas tienes una actitud mucho m\u00e1s relajada. Yo mismo me di cuenta enseguida. <\/strong><\/p>\n\n\n\n<h4 class=\"wp-block-heading\">El paquete completo del coche el\u00e9ctrico<\/h4>\n\n\n\n<div class=\"wp-block-uagb-image uagb-block-4b43e869 wp-block-uagb-image--layout-default wp-block-uagb-image--effect-static wp-block-uagb-image--align-none\"><figure class=\"wp-block-uagb-image__figure\"><img decoding=\"async\" src=\"https:\/\/florian-schreibt.de\/wp-content\/uploads\/2025\/01\/Elektroauto-2025-11-1024x461.webp\" alt=\"El coche el\u00e9ctrico 2025: experiencias, consejos y datos sobre los coches el\u00e9ctricos\" class=\"uag-image-5945\" width=\"1024\" height=\"461\" title=\"Coche el\u00e9ctrico 2025 11\" loading=\"lazy\" role=\"img\"><\/figure><\/div>\n\n\n\n<p>Tambi\u00e9n tienes todos los dem\u00e1s factores que ahora se relacionan con mi coche y que tambi\u00e9n son comparables con los motores de combusti\u00f3n.<\/p>\n\n\n\n<p>Nissan, entre otros, ofrece un paquete completo y no tienes que pagar m\u00e1s por cada \u00e1rea individual. Otros fabricantes tambi\u00e9n lo ofrecen, por supuesto. <\/p>\n\n\n\n<p>Por ejemplo, est\u00e1 el sistema de sensores para la luz y la lluvia, que lo hace todo por s\u00ed solo.  <\/p>\n\n\n\n<p>Lo mismo ocurre con el control de crucero, que est\u00e1 orientado al ahorro de energ\u00eda y tambi\u00e9n te mantiene en el carril con la direcci\u00f3n si as\u00ed lo deseas. Este estilo de conducci\u00f3n siempre me hace vislumbrar la conducci\u00f3n aut\u00f3noma del futuro, aunque rara vez lo utilice. <\/p>\n\n\n\n<p>El head-up display, que te muestra la velocidad en la parte delantera del parabrisas para que no tengas que mantener la cabeza agachada.<\/p>\n\n\n\n<div class=\"wp-block-uagb-image uagb-block-66b7859b wp-block-uagb-image--layout-default wp-block-uagb-image--effect-static wp-block-uagb-image--align-none\"><figure class=\"wp-block-uagb-image__figure\"><img decoding=\"async\" src=\"https:\/\/florian-schreibt.de\/wp-content\/uploads\/2025\/01\/Elektroauto-2025-8-1.webp\" alt=\"El coche el\u00e9ctrico 2025: experiencias, consejos y datos sobre los coches el\u00e9ctricos\" class=\"uag-image-5935\" width=\"718\" height=\"747\" title=\"Coche el\u00e9ctrico 2025 8\" loading=\"lazy\" role=\"img\"><\/figure><\/div>\n\n\n\n<p>La c\u00e1mara de 360 grados, que no s\u00f3lo te ofrece una vista desde los lados, sino tambi\u00e9n desde arriba al aparcar, de modo que pr\u00e1cticamente puedes ver a vista de p\u00e1jaro c\u00f3mo est\u00e1 colocado tu coche en el espacio.<\/p>\n\n\n\n<div class=\"wp-block-uagb-image uagb-block-18955814 wp-block-uagb-image--layout-default wp-block-uagb-image--effect-static wp-block-uagb-image--align-none\"><figure class=\"wp-block-uagb-image__figure\"><img decoding=\"async\" src=\"https:\/\/florian-schreibt.de\/wp-content\/uploads\/2025\/01\/Elektroauto-2025-9-1-1024x461.webp\" alt=\"El coche el\u00e9ctrico 2025: experiencias, consejos y datos sobre los coches el\u00e9ctricos\" class=\"uag-image-5930\" width=\"1200\" height=\"540\" title=\"Coche el\u00e9ctrico 2025 9\" loading=\"lazy\" role=\"img\"><\/figure><\/div>\n\n\n\n<p>Sensores de distancia circunferencial que te avisan si te acercas demasiado o si alguien pasa por detr\u00e1s sin que te des cuenta.<\/p>\n\n\n\n<p>Claro, todos estos son aspectos de la tecnolog\u00eda de los veh\u00edculos modernos.  <\/p>\n\n\n\n<p>Pero aqu\u00ed, en este coche, todo se une en un paquete armonioso para m\u00ed y hace que conducir no sea s\u00f3lo ir de A a B, tambi\u00e9n ofrece confort y una sensaci\u00f3n relajada.<\/p>\n\n\n\n<h2 class=\"wp-block-heading\">Panorama del mercado de la nueva clase<\/h2>\n\n\n\n<h3 class=\"wp-block-heading\">Welche Elektroautos gibt es aktuell? Welchen Tipp hast du f\u00fcr neue E-Autos?<\/h3>\n\n\n\n<div class=\"wp-block-uagb-image uagb-block-22b3d629 wp-block-uagb-image--layout-default wp-block-uagb-image--effect-static wp-block-uagb-image--align-none\"><figure class=\"wp-block-uagb-image__figure\"><img decoding=\"async\" src=\"https:\/\/florian-schreibt.de\/wp-content\/uploads\/2025\/01\/Elektroauto-2025-13-1024x461.webp\" alt=\"El coche el\u00e9ctrico 2025: experiencias, consejos y datos sobre los coches el\u00e9ctricos\" class=\"uag-image-5950\" width=\"1200\" height=\"540\" title=\"Coche el\u00e9ctrico 2025 13\" loading=\"lazy\" role=\"img\"><\/figure><\/div>\n\n\n\n<p>Esto ya no es tan f\u00e1cil de seguir. Seg\u00fan la prensa del autom\u00f3vil, solo en 2024 salieron al mercado m\u00e1s de 74 nuevos veh\u00edculos el\u00e9ctricos, y la oferta sigue creciendo. <\/p>\n\n\n\n<p>Nach meinen umfangreichen Recherchen im In- und Ausland kann ich dir aber folgende Ratschl\u00e4ge bei der Suche nach deinem individuellen Fahrzeug geben.<\/p>\n\n\n\n<h4 class=\"wp-block-heading\">Considere la compra con mucho cuidado.  <\/h4>\n\n\n\n<p>A menudo me he encontrado con el hecho de que mucha gente sigue pensando en t\u00e9rminos de \u00abcomprar un coche\u00bb. Sin embargo, en mi opini\u00f3n, este punto de vista ya no est\u00e1 a la altura de los tiempos.   <\/p>\n\n\n\n<p>Ni siquiera los fabricantes se centran ya en ello, pues el mercado evoluciona r\u00e1pida y din\u00e1micamente.  <\/p>\n\n\n\n<p><strong>De ah\u00ed mi consejo. Piensa bien si quieres comprar un coche. <\/strong>.  <\/p>\n\n\n\n<p>Claro, puedes pensar que es tuyo. Es cierto, pero eso no cambia nada en el d\u00eda a d\u00eda. Porque tambi\u00e9n puedes decidir libremente sobre un veh\u00edculo de leasing sin estar atado a la propiedad y a la importante inversi\u00f3n que conlleva.  <\/p>\n\n\n\n<p>Auch die F\u00f6rderungen, wie etwa die deutsche THG-Pr\u00e4mie, schlie\u00dfen gr\u00f6\u00dftenteils Leasingfahrzeuge mit ein, sodass du aus dem Leasing keinen Nachteil hast.<\/p>\n\n\n\n<p>Y sigues siendo libre de decidir si quieres quedarte con el coche, cambiarlo por otro, comprarlo o financiarlo. Los bancos de leasing est\u00e1n abiertos a todas las opciones. <\/p>\n\n\n\n<p>Daneben hast du die Gro\u00dfinvestition in eine Zeitinvestition umgewandelt und das erst mal nicht genutzte Kapital kannst du anlegen, was dir sehr viel mehr bringt.<\/p>\n\n\n\n<p>Tampoco hay que olvidar que la inflaci\u00f3n supone un ligero beneficio gracias a la cuota fija y previsible del leasing y que, si se ha invertido bien, se puede recuperar paralelamente el coste de la cuota gracias al capital no utilizado de la inversi\u00f3n principal.<\/p>\n\n\n\n<h4 class=\"wp-block-heading\">Organice su b\u00fasqueda de forma estructurada y racional en funci\u00f3n de sus necesidades<\/h4>\n\n\n\n<div class=\"wp-block-uagb-image uagb-block-76827f7d wp-block-uagb-image--layout-default wp-block-uagb-image--effect-static wp-block-uagb-image--align-none\"><figure class=\"wp-block-uagb-image__figure\"><img decoding=\"async\" src=\"https:\/\/florian-schreibt.de\/wp-content\/uploads\/2025\/01\/Elektroauto-2025-14-461x1024.webp\" alt=\"El coche el\u00e9ctrico 2025: experiencias, consejos y datos sobre los coches el\u00e9ctricos\" class=\"uag-image-5955\" width=\"540\" height=\"1200\" title=\"Coche el\u00e9ctrico 2025 14\" loading=\"lazy\" role=\"img\"><\/figure><\/div>\n\n\n\n<p>Proced\u00ed de la siguiente manera en mi b\u00fasqueda:<\/p>\n\n\n\n<p>En primer lugar, romper con determinados fabricantes, porque la mayor\u00eda de ellos est\u00e1n ahora al mismo nivel global tanto en tecnolog\u00eda como en calidad.<\/p>\n\n\n\n<p><strong>Entonces preg\u00fantese objetivamente. \u00bfQu\u00e9 tipo de coche necesito? \u00bfDebe ser grande? \u00bfDebe ser c\u00f3modo? \u00bfDebe ser seguro? En otras palabras, \u00bfqu\u00e9 espera exactamente de un coche?     <\/strong><\/p>\n\n\n\n<p>Una vez que lo hayas decidido por ti mismo, haz una b\u00fasqueda gratuita en Internet.  <\/p>\n\n\n\n<p>\u00bfQu\u00e9 modelos hay disponibles? \u00bfCu\u00e1l se adapta mejor a mis necesidades?   <\/p>\n\n\n\n<p>Libre de fabricantes o costes y elija 5 modelos de diferentes fabricantes, preferiblemente no afiliados al mismo grupo.  <\/p>\n\n\n\n<p>A continuaci\u00f3n, compara estos 5 en t\u00e9rminos de equipamiento y gama, coste y disponibilidad y comprueba si se ajustan a tus planes presupuestarios.  <\/p>\n\n\n\n<p>Otro punto importante es, por supuesto, la sostenibilidad y el medio ambiente, dependiendo del grado de prioridad que se les d\u00e9.<\/p>\n\n\n\n<p>La ventaja de adoptar un enfoque tan centrado es que ning\u00fan concesionario ni fabricante puede decirte nada. T\u00fa mismo lo sabes todo y sabes si lo necesitas o no. <\/p>\n\n\n\n<p>Ning\u00fan vendedor de coches tiene que venderme un coche, porque yo ya s\u00e9 de antemano lo que es importante para m\u00ed o no. Por eso siempre soy un cliente f\u00e1cil para el vendedor. <\/p>\n\n\n\n<div class=\"wp-block-uagb-image uagb-block-f8fde4dd wp-block-uagb-image--layout-default wp-block-uagb-image--effect-static wp-block-uagb-image--align-none\"><figure class=\"wp-block-uagb-image__figure\"><img decoding=\"async\" src=\"https:\/\/florian-schreibt.de\/wp-content\/uploads\/2025\/01\/Elektroauto-2025-15-598x1024.webp\" alt=\"El coche el\u00e9ctrico 2025: experiencias, consejos y datos sobre los coches el\u00e9ctricos\" class=\"uag-image-5960\" width=\"701\" height=\"1200\" title=\"Coche el\u00e9ctrico 2025 15\" loading=\"lazy\" role=\"img\"><\/figure><\/div>\n\n\n\n<p>Wenn du jetzt in unserem Beispiel aus deinen 5 Fahrzeugen 3 ausgew\u00e4hlt hast, gehst du auf die Fahrzeugebene.<\/p>\n\n\n\n<p>Vas a un concesionario y miras el coche sin compromiso, lo pruebas y ves si es con lo que te sientes c\u00f3modo.<\/p>\n\n\n\n<p>La \u00faltima etapa son los costes reales.  <\/p>\n\n\n\n<p>Muchos fabricantes ofrecen grandes descuentos y promociones. \u00c9chales tambi\u00e9n un vistazo y no tengas miedo de preguntar en el concesionario qu\u00e9 se ofrece y compararlo con Internet.   <\/p>\n\n\n\n<p>Hay muchos concesionarios directos en los que puedes conseguir una oferta m\u00e1s barata por Internet y, al fin y al cabo, un coche es un art\u00edculo igual al que tienes delante. En otras palabras, todos te venden el mismo producto <\/p>\n\n\n\n<p>S\u00e9 que todo esto suena largo y complicado. Pero en la pr\u00e1ctica no lo es en absoluto y te ofrece la clara ventaja de haber tomado la mejor decisi\u00f3n para ti. <\/p>\n\n\n\n<h3 class=\"wp-block-heading\">\u00bfCu\u00e1nto cuesta alquilar un coche el\u00e9ctrico? Comparaci\u00f3n de costes con el ejemplo de un motor de combusti\u00f3n <\/h3>\n\n\n\n<div class=\"wp-block-uagb-image uagb-block-1c9b3c8b wp-block-uagb-image--layout-default wp-block-uagb-image--effect-static wp-block-uagb-image--align-none\"><figure class=\"wp-block-uagb-image__figure\"><img decoding=\"async\" src=\"https:\/\/florian-schreibt.de\/wp-content\/uploads\/2025\/01\/Elektroauto-2025-16-1024x461.webp\" alt=\"  El coche el\u00e9ctrico 2025: experiencias, consejos y datos sobre los coches el\u00e9ctricos\" class=\"uag-image-5966\" width=\"1200\" height=\"540\" title=\"Coche el\u00e9ctrico 2025 16\" loading=\"lazy\" role=\"img\"><\/figure><\/div>\n\n\n\n<p>Para que te hagas una idea, aqu\u00ed tienes un ejemplo de c\u00e1lculo que compara un coche el\u00e9ctrico, un coche de gasolina y un coche di\u00e9sel. F\u00edjate tambi\u00e9n en los comentarios. <\/p>\n\n\n\n<p>Esta lista compara mi veh\u00edculo Nissan Ariya de 2022 con el Skoda Kodiaq, que est\u00e1 m\u00e1s o menos a la par, con los valores actuales de 2025.  <\/p>\n\n\n\n<figure class=\"wp-block-table\"><table><tbody><tr><td>Veh\u00edculo<\/td><td>Coche<\/td><td>Nissan (5) Ariya Evolve<\/td><td>Skoda Kodiaq (6)<\/td><td>Skoda Kodiaq (6)<\/td><\/tr><tr><td>Conducir<\/td><td>Motor<\/td><td>El\u00e9ctrico<\/td><td>Motor de combusti\u00f3n interna (gasolina)<\/td><td>Motor de combusti\u00f3n (di\u00e9sel)<\/td><\/tr><tr><td>Rendimiento<\/td><td>Potencia<\/td><td>Seguros<\/td><td>190 CV<\/td><td>193 PS<\/td><\/tr><tr><td>Llegue a<\/td><td>Gama<\/td><td>Hasta 533 km (WLTP)<\/td><td>Aprox. 600 km (seg\u00fan WLTP)<\/td><td>Aprox. 870 km (seg\u00fan WLTP)<\/td><\/tr><tr><td><\/td><td><\/td><td><\/td><td><\/td><td><\/td><\/tr><tr><td>Precio (aprox.)<\/td><td>Precio (aprox.)<\/td><td>Desde 59.000 euros<\/td><td>Desde 59.000 euros<\/td><td>Desde 59.000 euros<\/td><\/tr><tr><td><\/td><td><\/td><td><\/td><td><\/td><td><\/td><\/tr><tr><td>Fraccionamiento del leasing<\/td><td>Tipo de arrendamiento financiero<\/td><td>7.068,00 \u20ac<\/td><td>6.936,00 \u20ac<\/td><td>5.952,00 \u20ac<\/td><\/tr><tr><td>Seguros<\/td><td>Consumo medio\/100 km<\/td><td>1.074,00 \u20ac<\/td><td>1.386,00 \u20ac<\/td><td>2.387,04 \u20ac<\/td><\/tr><tr><td>Mantenimiento<\/td><td>Mantenimiento<\/td><td>110,00 \u20ac<\/td><td>270,00 \u20ac<\/td><td>270,00 \u20ac<\/td><\/tr><tr><td>Impuesto de matriculaci\u00f3n (D)<\/td><td>Impuesto de matriculaci\u00f3n (D)<\/td><td><\/td><td>269,00 \u20ac<\/td><td>338,00 \u20ac<\/td><\/tr><tr><td>Prima THG (D)<\/td><td>Prima THG (D)<\/td><td>&#8211; 240,00 \u20ac<\/td><td><\/td><td><\/td><\/tr><tr><td><\/td><td><\/td><td><\/td><td><\/td><td><\/td><\/tr><tr><td>Costes mensuales<\/td><td>Costes mensuales<\/td><td>667,67 \u20ac<\/td><td>738,42 \u20ac<\/td><td>745,59 \u20ac<\/td><\/tr><tr><td>Costes anuales<\/td><td>Coste anual<\/td><td>8.012,00 \u20ac<\/td><td>8.861,00 \u20ac<\/td><td>8.947,04 \u20ac<\/td><\/tr><tr><td>Coste por kil\u00f3metro<\/td><td>Coste por km<\/td><td>0,53 \u20ac<\/td><td>0,59 \u20ac<\/td><td>0,60 \u20ac<\/td><\/tr><tr><td><\/td><td><\/td><td><\/td><td><\/td><td><\/td><\/tr><tr><td>Consumo medio\/100 km<\/td><td>Consumo medio\/100 km<\/td><td>17,7 kWh<\/td><td>8,9l<\/td><td>6,1l<\/td><\/tr><tr><td>Coste por cantidad<\/td><td>Coste por cantidad<\/td><td>0,59 \u20ac<\/td><td>1,72 \u20ac<\/td><td>1,61 \u20ac<\/td><\/tr><tr><td>por cada 100 km<\/td><td>por 100 km<\/td><td>10,44 \u20ac<\/td><td>15,31 \u20ac<\/td><td>9,82 \u20ac<\/td><\/tr><tr><td>por 1 km<\/td><td>por 1 km<\/td><td>0,10 \u20ac<\/td><td>0,15 \u20ac<\/td><td>0,10 \u20ac<\/td><\/tr><tr><td>El mes<\/td><td>Al mes<\/td><td>130,54 \u20ac<\/td><td>191,35 \u20ac<\/td><td>122,76 \u20ac<\/td><\/tr><tr><td>Por a\u00f1o<\/td><td>Por a\u00f1o<\/td><td>1.566,45 \u20ac<\/td><td>2.296,20 \u20ac<\/td><td>1.473,15 \u20ac<\/td><\/tr><tr><td><\/td><td><\/td><td><\/td><td><\/td><td><\/td><\/tr><tr><td>Coste total por kil\u00f3metro<\/td><td>Coste total por km<\/td><td>0,64 \u20ac<\/td><td>0,74 \u20ac<\/td><td>0,69 \u20ac<\/td><\/tr><tr><td>Coste total mensual<\/td><td>Coste total por mes<\/td><td>798,20 \u20ac<\/td><td>929,77 \u20ac<\/td><td>868,35 \u20ac<\/td><\/tr><tr><td>Coste total anual<\/td><td>Coste total anual<\/td><td>9.578,45 \u20ac<\/td><td>11.157,20 \u20ac<\/td><td>10.420,19 \u20ac<\/td><\/tr><\/tbody><\/table><\/figure>\n\n\n\n<p>Si hubiera utilizado los precios de venta actuales o los valores de consumo reales de mi Ariya, la comparaci\u00f3n habr\u00eda sido a\u00fan m\u00e1s favorable. Pero utilic\u00e9 los oficiales. <\/p>\n\n\n\n<p>Como ya he dicho, con este ejemplo s\u00f3lo quiero dar una idea aproximada.  <\/p>\n\n\n\n<p>Por lo tanto, tom\u00e9 un veh\u00edculo comparable, las cuotas de leasing y las primas de seguro se toman de portales de comparaci\u00f3n (Check24 y Leasingmarkt.de o Spritmonitor.de a partir del 22.01.2025) con un kilometraje anual de 15.000 km y el seguro es un seguro premium con cobertura a todo riesgo, que tambi\u00e9n cubre cartas de protecci\u00f3n.<\/p>\n\n\n\n<p>En mi ejemplo tambi\u00e9n he utilizado las tasas y los costes alemanes; por supuesto, tambi\u00e9n son diferentes en el extranjero. Sin embargo, las subvenciones adicionales para el extranjero tampoco est\u00e1n incluidas y deben deducirse adicionalmente. <\/p>\n\n\n\n<p>Los precios de la electricidad y la gasolina se han tomado de la situaci\u00f3n actual del mercado a 21 de enero de 2025 y, por supuesto, tambi\u00e9n pueden variar. Sobre todo porque la tendencia cambiar\u00e1 pronto de forma significativa si los precios de los combustibles suben masivamente. <\/p>\n\n\n\n<p>Como ya se ha dicho, los fabricantes tambi\u00e9n ofrecen promociones.<\/p>\n\n\n\n<p>Por lo tanto, es importante se\u00f1alar que no debe tomar este ejemplo como totalmente aut\u00e9ntico ni aplicarlo de forma un\u00edvoca a su situaci\u00f3n personal.<\/p>\n\n\n\n<p>S\u00f3lo me importa darles una idea, para que lo entiendan en el contexto adecuado.<\/p>\n\n\n\n<h3 class=\"wp-block-heading\">\u00bfQu\u00e9 subvenciones hay para los coches el\u00e9ctricos?<\/h3>\n\n\n\n<div class=\"wp-block-uagb-image uagb-block-46d6441c wp-block-uagb-image--layout-default wp-block-uagb-image--effect-static wp-block-uagb-image--align-none\"><figure class=\"wp-block-uagb-image__figure\"><img decoding=\"async\" src=\"https:\/\/florian-schreibt.de\/wp-content\/uploads\/2025\/01\/Elektroauto-2025-17-1024x457.webp\" alt=\"El coche el\u00e9ctrico 2025: experiencias, consejos y datos sobre los coches el\u00e9ctricos\" class=\"uag-image-5971\" width=\"1200\" height=\"535\" title=\"Coche el\u00e9ctrico 2025 17\" loading=\"lazy\" role=\"img\"><\/figure><\/div>\n\n\n\n<p>En Europa existen subvenciones muy diferentes, que expondr\u00e9 aqu\u00ed bas\u00e1ndome en la situaci\u00f3n actual. Por supuesto, las subvenciones tambi\u00e9n pueden cambiar, expirar o aumentar en cualquier momento. <\/p>\n\n\n\n<p>Ich bitte dich daher, auch diese Angaben im richtigen Kontext zu sehen und dich nach deinen Bed\u00fcrfnissen genau zu informieren gem\u00e4\u00df deiner \u00f6rtlichen Situation.<\/p>\n\n\n\n<h4 class=\"wp-block-heading\">Austria (AT) (7)<\/h4>\n\n\n\n<h5 class=\"wp-block-heading\">Promoci\u00f3n del medio ambiente<\/h5>\n\n\n\n<p>Subvenci\u00f3n de hasta 5.000 euros para la compra de un coche totalmente el\u00e9ctrico.<\/p>\n\n\n\n<p>Ejemplo: La compra de un coche el\u00e9ctrico como el Nissan Ariya podr\u00eda suponer una prima de compra de 3.000 euros por el propio veh\u00edculo y otros 2.000 euros por la instalaci\u00f3n de una estaci\u00f3n de recarga.<\/p>\n\n\n\n<h5 class=\"wp-block-heading\">Beneficios fiscales<\/h5>\n\n\n\n<p>Los veh\u00edculos el\u00e9ctricos est\u00e1n exentos del impuesto sobre el consumo normal (NoVA) y del impuesto sobre el seguro del autom\u00f3vil. Esto supone un ahorro de hasta 1.000 euros al a\u00f1o. <\/p>\n\n\n\n<h4 class=\"wp-block-heading\">B\u00e9lgica (BE) (8)<\/h4>\n\n\n\n<h5 class=\"wp-block-heading\">Subvenciones regionales<\/h5>\n\n\n\n<p>Flandes: En B\u00e9lgica, las subvenciones para coches el\u00e9ctricos var\u00edan seg\u00fan la regi\u00f3n. El Gobierno flamenco introdujo originalmente una prima de compra para coches el\u00e9ctricos, pero la suspendi\u00f3 prematuramente el 22 de noviembre de 2024. <\/p>\n\n\n\n<p>Wallonien: Bietet zus\u00e4tzliche Anreize, wie etwa eine Umweltpr\u00e4mie f\u00fcr Fahrzeuge mit Null-Emissionen.<\/p>\n\n\n\n<p>Ejemplo: Los particulares belgas pueden beneficiarse de una desgravaci\u00f3n fiscal de hasta 1.500 euros por estaci\u00f3n de recarga, siempre que se trate de una estaci\u00f3n de recarga inteligente alimentada con electricidad verde.<\/p>\n\n\n\n<h4 class=\"wp-block-heading\">Suiza (CH) (9)<\/h4>\n\n\n\n<h5 class=\"wp-block-heading\">Subvenciones cantonales<\/h5>\n\n\n\n<p>En el cant\u00f3n de Ginebra hay ayudas de hasta 2.000 CHF para la compra de un coche el\u00e9ctrico.<\/p>\n\n\n\n<p>Z\u00farich ofrece ventajas fiscales que hacen m\u00e1s atractiva la compra.<\/p>\n\n\n\n<p>Ejemplo: un comprador en Ginebra podr\u00eda recibir una subvenci\u00f3n directa, mientras que en Z\u00farich el impuesto anual para un veh\u00edculo el\u00e9ctrico se reduce hasta un 80 %.<\/p>\n\n\n\n<h4 class=\"wp-block-heading\">Alemania (DE) (10)<\/h4>\n\n\n\n<h5 class=\"wp-block-heading\">Financiaci\u00f3n estatal<\/h5>\n\n\n\n<p>Actualmente no existe ninguna subvenci\u00f3n a nivel nacional para la compra o el arrendamiento financiero de veh\u00edculos el\u00e9ctricos, ya que la bonificaci\u00f3n medioambiental se suprimi\u00f3 a finales de 2023. pero tambi\u00e9n hay buenas noticias. <\/p>\n\n\n\n<p><strong>La cuota de reducci\u00f3n de gases de efecto invernadero (cuota GEI)<\/strong> es un instrumento de la pol\u00edtica clim\u00e1tica alemana que obliga a las empresas de hidrocarburos a reducir sus emisiones de CO\u2082. Los propietarios y arrendatarios de coches el\u00e9ctricos puros en Alemania pueden hacer certificar las emisiones ahorradas gracias a su funcionamiento sin emisiones y venderlas a estas empresas, por lo que reciben una prima anual.   <\/p>\n\n\n\n<p>Esto se aplica a los coches el\u00e9ctricos peque\u00f1os, los SUV compactos y los coches m\u00e1s grandes.<\/p>\n\n\n\n<p>Tambi\u00e9n hay proveedores que lo hacen por usted y le transfieren la prima tras deducirle unos gastos de tramitaci\u00f3n.<\/p>\n\n\n\n<p>De hecho, esto significa que recibes dinero de las petroleras por <strong>no<\/strong> utilizar sus productos. Incre\u00edble, \u00bfverdad? <\/p>\n\n\n\n<h5 class=\"wp-block-heading\">Incentivos regionales<\/h5>\n\n\n\n<p>Einzelne Bundesl\u00e4nder pr\u00fcfen eigene Programme, wie regionale Zusch\u00fcsse f\u00fcr den Kauf von Elektroautos oder Steuerverg\u00fcnstigungen. Konkrete Programme wurden bisher jedoch nicht implementiert.<\/p>\n\n\n\n<h5 class=\"wp-block-heading\">Ofertas privadas<\/h5>\n\n\n\n<p>Muchos fabricantes, entre ellos Nissan, ofrecen ofertas especiales de leasing o financiaci\u00f3n. Por ejemplo, las cuotas de leasing de un modelo 2025 como el Nissan Ariya empiezan en 299 \u20ac al mes (dependiendo del equipamiento y la marca). <\/p>\n\n\n\n<h4 class=\"wp-block-heading\">Espa\u00f1a (ES) (11)<\/h4>\n\n\n\n<h5 class=\"wp-block-heading\">Plan MOVES III<\/h5>\n\n\n\n<p>Subvenci\u00f3n de hasta 7.000 euros para la compra de un coche el\u00e9ctrico.<\/p>\n\n\n\n<p>Se subvenciona el 80% de los costes de instalaci\u00f3n de una estaci\u00f3n de recarga privada.<\/p>\n\n\n\n<p>Ejemplo: Un comprador de Madrid podr\u00eda utilizar la subvenci\u00f3n de 7.000 euros para el veh\u00edculo y, al mismo tiempo, recibir hasta 1.000 euros por achatarrar un veh\u00edculo viejo.<\/p>\n\n\n\n<h4 class=\"wp-block-heading\">Francia (FR) (12)<\/h4>\n\n\n\n<h5 class=\"wp-block-heading\">Prima ecol\u00f3gica<\/h5>\n\n\n\n<p>Subvenci\u00f3n de hasta 5.000 euros para veh\u00edculos con un precio de compra inferior a 47.000 euros.<\/p>\n\n\n\n<p>Subvenci\u00f3n adicional en funci\u00f3n de los ingresos para los hogares con ingresos bajos.<\/p>\n\n\n\n<h5 class=\"wp-block-heading\">Bonificaci\u00f3n por desguace<\/h5>\n\n\n\n<p>2.500 por desguazar un coche antiguo.<\/p>\n\n\n\n<p>Ejemplo: Un comprador podr\u00eda recibir un total de 7.500 euros en subvenciones si achatarra un veh\u00edculo viejo y compra un coche el\u00e9ctrico nuevo.<\/p>\n\n\n\n<h4 class=\"wp-block-heading\">Italia (IT) (13)<\/h4>\n\n\n\n<h5 class=\"wp-block-heading\">Financiaci\u00f3n estatal<\/h5>\n\n\n\n<p>Subvenci\u00f3n de hasta 3.000 euros para la compra de un coche el\u00e9ctrico.<\/p>\n\n\n\n<p>2.000 euros adicionales si se desguaza un veh\u00edculo antiguo.<\/p>\n\n\n\n<h5 class=\"wp-block-heading\">Incentivos regionales<\/h5>\n\n\n\n<p>Lombard\u00eda: exenci\u00f3n fiscal para los veh\u00edculos el\u00e9ctricos durante un m\u00e1ximo de 5 a\u00f1os.<\/p>\n\n\n\n<p>Tirol del Sur: subvenciones para la compra de coches el\u00e9ctricos y la instalaci\u00f3n de estaciones de recarga.<\/p>\n\n\n\n<p>Ejemplo: Un comprador de Tirol del Sur podr\u00eda combinar una subvenci\u00f3n de hasta 5.000 euros, incluidas las subvenciones regionales y las exenciones fiscales.<\/p>\n\n\n\n<p>Como ya se ha mencionado, se trata de ejemplos extra\u00eddos de la informaci\u00f3n p\u00fablica disponible actualmente a partir del 22 de enero de 2025.<\/p>\n\n\n\n<h2 class=\"wp-block-heading\">Vida cotidiana y vacaciones &#8211; \u00bfC\u00f3mo van las cosas con qu\u00e9 kil\u00f3metros de autonom\u00eda?<\/h2>\n\n\n\n<h3 class=\"wp-block-heading\">\u00bfC\u00f3mo y d\u00f3nde recargas tu coche el\u00e9ctrico?<\/h3>\n\n\n\n<div class=\"wp-block-uagb-image uagb-block-2aa6c539 wp-block-uagb-image--layout-default wp-block-uagb-image--effect-static wp-block-uagb-image--align-none\"><figure class=\"wp-block-uagb-image__figure\"><img decoding=\"async\" src=\"https:\/\/florian-schreibt.de\/wp-content\/uploads\/2025\/01\/Elektroauto-2025-19-1024x461.webp\" alt=\"El coche el\u00e9ctrico 2025: experiencias, consejos y datos sobre los coches el\u00e9ctricos\" class=\"uag-image-5976\" width=\"1200\" height=\"540\" title=\"Coche el\u00e9ctrico 2025 19\" loading=\"lazy\" role=\"img\"><\/figure><\/div>\n\n\n\n<h4 class=\"wp-block-heading\">Manipulaci\u00f3n general<\/h4>\n\n\n\n<p>En primer lugar, me gustar\u00eda decir que recargar un coche el\u00e9ctrico es mucho m\u00e1s f\u00e1cil de lo que parece. Se obtiene una tarjeta RFID de un proveedor de su elecci\u00f3n y se utiliza para cargar como una tarjeta de gasolina. <\/p>\n\n\n\n<p>La mayor\u00eda de los proveedores ofrecen sus servicios en toda Europa y est\u00e1n conectados en red con otros proveedores para que pueda utilizar su tarjeta en toda Europa.  <\/p>\n\n\n\n<p><strong>Por supuesto, los precios no son los mismos en todas partes, pero puedes informarte de antemano de los costes de cada estaci\u00f3n de recarga y decidir entonces d\u00f3nde quieres cargar y cu\u00e1nto.  <\/strong><\/p>\n\n\n\n<p>Y su consumo se factura de forma centralizada una vez al mes para todas las extracciones.<\/p>\n\n\n\n<p>Algunos proveedores tambi\u00e9n ofrecen modelos de suscripci\u00f3n. Usted paga una determinada tarifa plana al mes a cambio de un precio m\u00e1s bajo por kilovatio hora. Esto puede ser especialmente interesante para usuarios frecuentes.  <\/p>\n\n\n\n<p>Sin embargo, yo mismo aprecio la libre elecci\u00f3n de estaciones de recarga seg\u00fan mi conveniencia y no alcanzo valores de consumo tan elevados como para que el menor precio del kWh repercuta.  <\/p>\n\n\n\n<p>Por eso he elegido un proveedor que me da total libertad. O tengo dos proveedores que utilizo en funci\u00f3n del precio. <\/p>\n\n\n\n<div class=\"wp-block-uagb-image uagb-block-8b4b0684 wp-block-uagb-image--layout-default wp-block-uagb-image--effect-static wp-block-uagb-image--align-none\"><figure class=\"wp-block-uagb-image__figure\"><img decoding=\"async\" src=\"https:\/\/florian-schreibt.de\/wp-content\/uploads\/2025\/01\/Elektroauto-2025-20-1024x461.webp\" alt=\"El coche el\u00e9ctrico 2025: experiencias, consejos y datos sobre los coches el\u00e9ctricos\" class=\"uag-image-5981\" width=\"1200\" height=\"540\" title=\"Coche el\u00e9ctrico 2025 20\" loading=\"lazy\" role=\"img\"><\/figure><\/div>\n\n\n\n<p>El precio es b\u00e1sicamente fijo por kWh y siempre te da una cifra de cu\u00e1nto te costar\u00e1 la recarga. Y lo sabes incluso antes de conducir hasta una estaci\u00f3n de carga. <\/p>\n\n\n\n<p>Tambi\u00e9n hay proveedores que aprovechan el intercambio de datos entre el veh\u00edculo y la estaci\u00f3n de carga para la llamada carga r\u00e1pida. El proveedor guarda la identificaci\u00f3n de tu veh\u00edculo en tus datos y ni siquiera tienes que tener la tarjeta delante en tu estaci\u00f3n de carga habitual.   <\/p>\n\n\n\n<p>Tu coche es reconocido autom\u00e1ticamente y la carga se inicia en cuanto conectas la estaci\u00f3n de carga. Esto tambi\u00e9n es un factor de comodidad. <\/p>\n\n\n\n<h4 class=\"wp-block-heading\">Un ejemplo de c\u00f3mo se cobra en la vida cotidiana sin conocimientos locales<\/h4>\n\n\n\n<div class=\"wp-block-uagb-image uagb-block-c90ad2c0 wp-block-uagb-image--layout-default wp-block-uagb-image--effect-static wp-block-uagb-image--align-none\"><figure class=\"wp-block-uagb-image__figure\"><img decoding=\"async\" src=\"https:\/\/florian-schreibt.de\/wp-content\/uploads\/2025\/01\/Elektroauto-2025-21-461x1024.webp\" alt=\"El coche el\u00e9ctrico 2025: experiencias, consejos y datos sobre los coches el\u00e9ctricos\" class=\"uag-image-5987\" width=\"540\" height=\"1200\" title=\"Coche el\u00e9ctrico 2025 21\" loading=\"lazy\" role=\"img\"><\/figure><\/div>\n\n\n\n<p>Aqu\u00ed he ilustrado un ejemplo con capturas de pantalla.  <\/p>\n\n\n\n<p>Quieres cargar tu coche, pero est\u00e1s en una zona que no conoces o quieres saber de antemano qu\u00e9 opciones de carga hay en un lugar concreto.  <\/p>\n\n\n\n<p>Ich nehme hierf\u00fcr rein beispielhaft die Mobility plus App der EnBW.<\/p>\n\n\n\n<p>Abres la aplicaci\u00f3n e inmediatamente tienes un mapa. Aqu\u00ed introduces tu destino en Alemania o en el extranjero. En nuestro ejemplo, supondr\u00e9 que Hannover est\u00e1 en Alemania y Barcelona en Espa\u00f1a.  <\/p>\n\n\n\n<div class=\"wp-block-uagb-image uagb-block-c9a2bb87 wp-block-uagb-image--layout-default wp-block-uagb-image--effect-static wp-block-uagb-image--align-none\"><figure class=\"wp-block-uagb-image__figure\"><img decoding=\"async\" src=\"https:\/\/florian-schreibt.de\/wp-content\/uploads\/2025\/01\/Elektroauto-2025-23-461x1024.webp\" alt=\"El coche el\u00e9ctrico 2025: experiencias, consejos y datos sobre los coches el\u00e9ctricos\" class=\"uag-image-5997\" width=\"461\" height=\"1024\" title=\"Coche el\u00e9ctrico 2025 23\" loading=\"lazy\" role=\"img\"><\/figure><\/div>\n\n\n\n<p>Puedes ver los posibles puntos de carga y la potencia de carga disponible en el mapa.  <\/p>\n\n\n\n<p>Tambi\u00e9n puedes limitarlas a tus opciones de conexi\u00f3n y a la potencia de antemano en los ajustes para que s\u00f3lo veas las columnas que puedes utilizar.<\/p>\n\n\n\n<p>Si ahora te desplazas por el mapa, te mostrar\u00e1 d\u00f3nde hay puntos de recarga disponibles.<\/p>\n\n\n\n<div class=\"wp-block-uagb-image uagb-block-9139d88a wp-block-uagb-image--layout-default wp-block-uagb-image--effect-static wp-block-uagb-image--align-none\"><figure class=\"wp-block-uagb-image__figure\"><img decoding=\"async\" src=\"https:\/\/florian-schreibt.de\/wp-content\/uploads\/2025\/01\/Elektroauto-2025-22-1-461x1024.webp\" alt=\"El coche el\u00e9ctrico 2025: experiencias, consejos y datos sobre los coches el\u00e9ctricos\" class=\"uag-image-6002\" width=\"540\" height=\"1200\" title=\"Coche el\u00e9ctrico 2025 22\" loading=\"lazy\" role=\"img\"><\/figure><\/div>\n\n\n\n<p>La zona verde o, en el ejemplo, roja le indica cu\u00e1ntos espacios de carga est\u00e1n disponibles actualmente o que los espacios de carga est\u00e1n ocupados.<\/p>\n\n\n\n<p>Tambi\u00e9n puedes ver directamente los costes por kilovatio hora para comparar qu\u00e9 proveedor ofrece la carga m\u00e1s barata en tu zona.<\/p>\n\n\n\n<p>Seg\u00fan la situaci\u00f3n de los datos, la informaci\u00f3n es m\u00e1s o menos en tiempo real, dependiendo del pa\u00eds y del proveedor de la estaci\u00f3n de recarga.<\/p>\n\n\n\n<p>Por cierto, estos valores tambi\u00e9n se muestran en el propio Google Maps si se introduce simplemente \u00abestaci\u00f3n de carga\u00bb.  <\/p>\n\n\n\n<div class=\"wp-block-uagb-image uagb-block-6dcf0e1b wp-block-uagb-image--layout-default wp-block-uagb-image--effect-static wp-block-uagb-image--align-none\"><figure class=\"wp-block-uagb-image__figure\"><img decoding=\"async\" src=\"https:\/\/florian-schreibt.de\/wp-content\/uploads\/2025\/01\/Elektroauto-2025-24-461x1024.webp\" alt=\"El coche el\u00e9ctrico 2025: experiencias, consejos y datos sobre los coches el\u00e9ctricos\" class=\"uag-image-6007\" width=\"540\" height=\"1200\" title=\"Coche el\u00e9ctrico 2025 24\" loading=\"lazy\" role=\"img\"><\/figure><\/div>\n\n\n\n<p>Ich selbst verwende jedoch meist die Apps der Anbieter, etwa der EnBW, da ich da direkt sehen kann, was mich selbst das Laden kostet, da Google Maps nur die allgemeinen Preise anzeigen kann, nicht unbedingt die Preise, die ich selbst dort bezahlen w\u00fcrde.<\/p>\n\n\n\n<p>Pero puedes elegir el lugar y saber cu\u00e1nto cuesta cargar all\u00ed y si est\u00e1 lleno antes incluso de acercarte al punto de carga.<\/p>\n\n\n\n<p>Si ahora haces clic en la flecha azul de la parte inferior derecha, ser\u00e1s redirigido a Google Maps y la navegaci\u00f3n se ajustar\u00e1 a la estaci\u00f3n de carga para que s\u00f3lo tengas que confirmar para ser guiado a la estaci\u00f3n.<\/p>\n\n\n\n<div class=\"wp-block-uagb-image uagb-block-f624f29d wp-block-uagb-image--layout-default wp-block-uagb-image--effect-static wp-block-uagb-image--align-none\"><figure class=\"wp-block-uagb-image__figure\"><img decoding=\"async\" src=\"https:\/\/florian-schreibt.de\/wp-content\/uploads\/2025\/01\/Elektroauto-2025-25-461x1024.webp\" alt=\"El coche el\u00e9ctrico 2025: experiencias, consejos y datos sobre los coches el\u00e9ctricos\" class=\"uag-image-6012\" width=\"540\" height=\"1200\" title=\"Coche el\u00e9ctrico 2025 25\" loading=\"lazy\" role=\"img\"><\/figure><\/div>\n\n\n\n<p>Cuando est\u00e9s all\u00ed, conecta tu veh\u00edculo y utiliza el s\u00edmbolo con el c\u00f3digo QR en la esquina superior derecha del mapa en la app. A continuaci\u00f3n, utiliza el esc\u00e1ner activado para escanear el c\u00f3digo en la columna. <\/p>\n\n\n\n<p>A continuaci\u00f3n, la aplicaci\u00f3n se conecta a la estaci\u00f3n de carga y comienza a cargar sin que ni siquiera necesites la tarjeta de carga con el chip RFID.<\/p>\n\n\n\n<p><strong>Cargo la mayor parte del tiempo sin ni siquiera tener que sacar la tarjeta de la cartera. Pr\u00e1ctico, \u00bfverdad? <\/strong><\/p>\n\n\n\n<p>Tambi\u00e9n puede acercar la tarjeta al lector y la carga se iniciar\u00e1 inmediatamente.  <\/p>\n\n\n\n<h3 class=\"wp-block-heading\">\u00bfC\u00f3mo es el d\u00eda a d\u00eda con un coche el\u00e9ctrico?<\/h3>\n\n\n\n<div class=\"wp-block-uagb-image uagb-block-46eddd2a wp-block-uagb-image--layout-default wp-block-uagb-image--effect-static wp-block-uagb-image--align-none\"><figure class=\"wp-block-uagb-image__figure\"><img decoding=\"async\" src=\"https:\/\/florian-schreibt.de\/wp-content\/uploads\/2025\/01\/Elektroauto-2025-26-767x1024.webp\" alt=\"El coche el\u00e9ctrico 2025: experiencias, consejos y datos sobre los coches el\u00e9ctricos\" class=\"uag-image-6017\" width=\"899\" height=\"1200\" title=\"Coche el\u00e9ctrico 2025 26\" loading=\"lazy\" role=\"img\"><\/figure><\/div>\n\n\n\n<p>En realidad es lo mismo que con cualquier coche. Tienes tus rutinas y simplemente cargas t\u00e1cticamente donde tiene sentido. No cargas todo el tiempo, sino cuando tiene sentido.  <\/p>\n\n\n\n<p>Por ejemplo, cuando voy de compras, cuando voy al gimnasio o incluso simplemente cuando doy un paseo.  <\/p>\n\n\n\n<p>Por un lado, aprovechas doblemente el tiempo si lo utilizas como quieres y, por otro, ahorras tiempo porque tu coche no est\u00e1 parado, sino que se carga al mismo tiempo.<\/p>\n\n\n\n<p><strong>Y un peque\u00f1o consejo. Con un coche el\u00e9ctrico tambi\u00e9n tienes ventajas locales. Muchos puntos de recarga est\u00e1n convenientemente situados.    <\/strong><\/p>\n\n\n\n<p>Tengo un pueblo cerca en el que a veces paso tiempo. El casco antiguo no es tan f\u00e1cilmente accesible en coche, me desplazo mucho por all\u00ed a pie.   <\/p>\n\n\n\n<p><strong>Pero los puntos de recarga est\u00e1n tan bien situados que no s\u00f3lo puedo aparcar m\u00e1s cerca del casco antiguo que en cualquier aparcamiento de varias plantas, sino que incluso me ahorro el precio del aparcamiento.  <\/strong><\/p>\n\n\n\n<div class=\"wp-block-uagb-image uagb-block-e6871720 wp-block-uagb-image--layout-default wp-block-uagb-image--effect-static wp-block-uagb-image--align-none\"><figure class=\"wp-block-uagb-image__figure\"><img decoding=\"async\" src=\"https:\/\/florian-schreibt.de\/wp-content\/uploads\/2025\/01\/Elektroauto-2025-27-614x1024.webp\" alt=\"El coche el\u00e9ctrico 2025: experiencias, consejos y datos sobre los coches el\u00e9ctricos\" class=\"uag-image-6022\" width=\"719\" height=\"1200\" title=\"Coche el\u00e9ctrico 2025 27\" loading=\"lazy\" role=\"img\"><\/figure><\/div>\n\n\n\n<p>Esto le permite combinar el aparcamiento efectivo con la recarga e incluso tiene una ventaja adicional.<\/p>\n\n\n\n<p>Algunas ciudades, incluso grandes, ofrecen aparcamiento parcialmente gratuito en los aparcamientos municipales si se conduce un coche el\u00e9ctrico para fomentar la movilidad el\u00e9ctrica como una peque\u00f1a subvenci\u00f3n.<\/p>\n\n\n\n<p>Por eso el cambio me ha compensado de esta manera y sigue haci\u00e9ndolo cada d\u00eda.  <\/p>\n\n\n\n<p>Y no tengo que hacer cola en las gasolineras ni comprobar una y otra vez cu\u00e1l es el precio actual de la gasolina o d\u00f3nde es m\u00e1s barata.<\/p>\n\n\n\n<h3 class=\"wp-block-heading\">\u00bfTambi\u00e9n te vas de vacaciones en el SUV e-car, m\u00e1s barato?<\/h3>\n\n\n\n<div class=\"wp-block-uagb-image uagb-block-e2052539 wp-block-uagb-image--layout-default wp-block-uagb-image--effect-static wp-block-uagb-image--align-none\"><figure class=\"wp-block-uagb-image__figure\"><img decoding=\"async\" src=\"https:\/\/florian-schreibt.de\/wp-content\/uploads\/2025\/01\/Elektroauto-2025-28-1024x461.webp\" alt=\"El coche el\u00e9ctrico 2025: experiencias, consejos y datos sobre los coches el\u00e9ctricos\" class=\"uag-image-6027\" width=\"1200\" height=\"540\" title=\"Coche el\u00e9ctrico 2025 28\" loading=\"lazy\" role=\"img\"><\/figure><\/div>\n\n\n\n<p>Aber sicher mache ich das und ich habe es auch schon mehrere Male getan.<\/p>\n\n\n\n<p>Fuera de Alemania, la infraestructura de recarga suele ser m\u00e1s amplia y f\u00e1cil de combinar, ya que las tarjetas RFID pueden utilizarse en toda Europa.<\/p>\n\n\n\n<p>Siempre compruebo los mapas para ver d\u00f3nde es factible una parada y un descanso y qu\u00e9 opciones de carga tengo para poder hacer como m\u00e1ximo una o dos paradas, y as\u00ed funciona.  <\/p>\n\n\n\n<p>Es un punto m\u00e1s en la planificaci\u00f3n del viaje. Pero la red tambi\u00e9n es tan extensa que puedes salir espont\u00e1neamente. En realidad, no se para en cualquier sitio cuando se necesita energ\u00eda.  <\/p>\n\n\n\n<div class=\"wp-block-uagb-image uagb-block-f7bad2dd wp-block-uagb-image--layout-default wp-block-uagb-image--effect-static wp-block-uagb-image--align-none\"><figure class=\"wp-block-uagb-image__figure\"><img decoding=\"async\" src=\"https:\/\/florian-schreibt.de\/wp-content\/uploads\/2025\/01\/Elektroauto-2025-29-1024x461.webp\" alt=\"El coche el\u00e9ctrico 2025: experiencias, consejos y datos sobre los coches el\u00e9ctricos\" class=\"uag-image-6032\" width=\"1200\" height=\"540\" title=\"Coche el\u00e9ctrico 2025 29\" loading=\"lazy\" role=\"img\"><\/figure><\/div>\n\n\n\n<p>En Suiza, por ejemplo, se\u00f1ales claramente visibles insertadas en la se\u00f1alizaci\u00f3n normal del \u00e1rea de servicio indican exactamente d\u00f3nde se puede y d\u00f3nde no se puede cargar en la autopista.<\/p>\n\n\n\n<p>Tambi\u00e9n puedes utilizar el navegador integrado de tu coche el\u00e9ctrico para que te muestre los puntos de recarga m\u00e1s cercanos. Incluso con el consumo aproximado hasta ese punto, para que puedas estimar si a\u00fan te cabe o no. <\/p>\n\n\n\n<p>Tambi\u00e9n tengo que decir en general que estoy muy contento con el indicador de autonom\u00eda de mi coche.<\/p>\n\n\n\n<p>La autonom\u00eda restante es muy precisa y puedes confiar en ella, incluso si no llego hasta el \u00faltimo kil\u00f3metro, por supuesto.<\/p>\n\n\n\n<h2 class=\"wp-block-heading\">Perspectivas y resumen<\/h2>\n\n\n\n<div class=\"wp-block-uagb-image uagb-block-aa275093 wp-block-uagb-image--layout-default wp-block-uagb-image--effect-static wp-block-uagb-image--align-none\"><figure class=\"wp-block-uagb-image__figure\"><img decoding=\"async\" src=\"https:\/\/florian-schreibt.de\/wp-content\/uploads\/2025\/01\/Elektroauto-2025-32-461x1024.webp\" alt=\"El coche el\u00e9ctrico 2025: experiencias, consejos y datos sobre los coches el\u00e9ctricos\" class=\"uag-image-6042\" width=\"540\" height=\"1200\" title=\"Coche el\u00e9ctrico 2025 32\" loading=\"lazy\" role=\"img\"><\/figure><\/div>\n\n\n\n<p>Como ya se ha dicho, el mercado est\u00e1 en plena ebullici\u00f3n y todos podemos esperar lo que nos depare el futuro. Para m\u00ed, sin embargo, la experiencia que he adquirido en comparaci\u00f3n con los motores de combusti\u00f3n significa que no hay vuelta atr\u00e1s a un coche as\u00ed. <\/p>\n\n\n\n<p>Hay informes de empresas conjuntas con compa\u00f1\u00edas que ya han desarrollado bater\u00edas completamente nuevas y mejores para 2025 u otros enfoques como estaciones de intercambio de bater\u00edas en Asia u otros sistemas de propulsi\u00f3n como el hidr\u00f3geno.<\/p>\n\n\n\n<p>Was man aber, denke ich, f\u00fcr sich selbst verstehen sollte, ist, dass auf den Verbrennungsmotor zu setzen schon mittelfristig nichts mehr bringen wird. Denn das ist die Absicht, die die internationale Politik verfolgt, im Sinne der Vertr\u00e4ge zur globalen Erw\u00e4rmung.<\/p>\n\n\n\n<p>El objetivo es convertir los veh\u00edculos de combusti\u00f3n en un pasatiempo caro y eso tiene sentido, ya que el petr\u00f3leo es un recurso limitado del que, de todos modos, la humanidad no deber\u00eda depender. A ello se a\u00f1ade el impacto medioambiental. <\/p>\n\n\n\n<p>El precio de la electricidad ser\u00e1 sin duda una variable, tambi\u00e9n en el futuro.<\/p>\n\n\n\n<p>Pero siempre habr\u00e1 electricidad para alimentar los mejores coches el\u00e9ctricos. Para seguir adelante con el plan 2050, los pol\u00edticos tambi\u00e9n deben seguir dando nuevos incentivos a los clientes. <\/p>\n\n\n\n<div class=\"wp-block-uagb-image uagb-block-632e9eb0 wp-block-uagb-image--layout-default wp-block-uagb-image--effect-static wp-block-uagb-image--align-none\"><figure class=\"wp-block-uagb-image__figure\"><img decoding=\"async\" src=\"https:\/\/florian-schreibt.de\/wp-content\/uploads\/2025\/01\/Elektroauto-2025-31-725x1024.webp\" alt=\"El coche el\u00e9ctrico 2025: experiencias, consejos y datos sobre los coches el\u00e9ctricos\" class=\"uag-image-6037\" width=\"850\" height=\"1200\" title=\"Coche el\u00e9ctrico 2025 31\" loading=\"lazy\" role=\"img\"><\/figure><\/div>\n\n\n\n<p>Ya tengo curiosidad por ver lo que se puede esperar de los pensamientos de noviembre de 2024 ahora a principios de 2025 despu\u00e9s de las elecciones en Alemania.<\/p>\n\n\n\n<p>Por supuesto, a\u00fan estamos al principio de este desarrollo, pero llegar\u00e1 a las masas y ser\u00e1 asequible en este marco. A la hora de comprar, es importante hacerse una idea general del mercado. <\/p>\n\n\n\n<p>\u00bfQu\u00e9 modelos est\u00e1n disponibles, qu\u00e9 nuevos modelos llegar\u00e1n en 2025, tienen ya m\u00e1s autonom\u00eda o qu\u00e9 nuevas tendencias hay en e-movilidad?<\/p>\n\n\n\n<p>Al fin y al cabo, la propia industria tiene un gran inter\u00e9s en que la tecnolog\u00eda sea asequible para todos, de modo que pueda seguir ampliando su base de clientes.<\/p>\n\n\n\n<p>Ich hoffe, ich konnte dir mit diesem Artikel einen Einblick geben und dir einige Fragen beantworten.<\/p>\n\n\n\n<p>Por \u00faltimo, quiero dar las gracias a las empresas Nissan, EnBW y Skoda por permitirme mencionar e ilustrar sus productos en este art\u00edculo.<\/p>\n\n\n\n<p>Le deseo mucho \u00e9xito con sus soluciones de movilidad y mucha diversi\u00f3n al volante.<\/p>\n<\/div>\n<\/div><\/div>\n\n<div class=\"wp-block-uagb-container uagb-block-070a73a7 alignfull uagb-is-root-container\"><div class=\"uagb-container-inner-blocks-wrap\">\n<p>Saludos cordiales<\/p>\n\n\n\n<p>Florian<\/p>\n\n\n\n<div class=\"wp-block-uagb-container uagb-block-0011dea0\">\n<div class=\"wp-block-uagb-container uagb-block-b1ec64ce\">\n<div class=\"wp-block-uagb-advanced-heading uagb-block-8f4ea5a0\"><h2 class=\"uagb-heading-text\">Mira a tu alrededor y s\u00edgueme  <\/h2><p class=\"uagb-desc-text\">Mi presencia en las redes sociales, mi libro electr\u00f3nico y datos interesantes sobre m\u00ed<\/p><\/div>\n<\/div>\n<\/div>\n\n\n\n<div class=\"wp-block-uagb-container uagb-block-83aa4dea\"><style>.wp-block-kadence-advancedbtn.kb-btns5877_934515-e2{gap:var(--global-kb-gap-xs, 0.5rem );justify-content:center;align-items:center;}.kt-btns5877_934515-e2 .kt-button{font-weight:normal;font-style:normal;}.kt-btns5877_934515-e2 .kt-btn-wrap-0{margin-right:5px;}.wp-block-kadence-advancedbtn.kt-btns5877_934515-e2 .kt-btn-wrap-0 .kt-button{color:#555555;border-color:#555555;}.wp-block-kadence-advancedbtn.kt-btns5877_934515-e2 .kt-btn-wrap-0 .kt-button:hover, .wp-block-kadence-advancedbtn.kt-btns5877_934515-e2 .kt-btn-wrap-0 .kt-button:focus{color:#ffffff;border-color:#444444;}.wp-block-kadence-advancedbtn.kt-btns5877_934515-e2 .kt-btn-wrap-0 .kt-button::before{display:none;}.wp-block-kadence-advancedbtn.kt-btns5877_934515-e2 .kt-btn-wrap-0 .kt-button:hover, .wp-block-kadence-advancedbtn.kt-btns5877_934515-e2 .kt-btn-wrap-0 .kt-button:focus{background:#444444;}<\/style>\n<div class=\"wp-block-kadence-advancedbtn kb-buttons-wrap kb-btns5877_934515-e2\"><style>ul.menu .wp-block-kadence-advancedbtn .kb-btn5877_15f6d9-3c.kb-button{width:initial;}.wp-block-kadence-advancedbtn .kb-btn5877_15f6d9-3c.kb-button{color:var(--ast-global-color-6);background:var(--ast-global-color-0);}.kb-btn5877_15f6d9-3c.kb-button .kb-svg-icon-wrap{font-size:38px;--kb-button-icon-size:38px;}.kb-btn5877_15f6d9-3c.kb-button .kt-btn-inner-text{display:none;}<\/style><a class=\"kb-button kt-button button kb-btn5877_15f6d9-3c kt-btn-size-standard kt-btn-width-type-auto kb-btn-global-inherit  kt-btn-has-text-true kt-btn-has-svg-true  wp-block-button__link wp-block-kadence-singlebtn\" href=\"https:\/\/www.linkedin.com\/in\/florianwuerstlin\/\" target=\"_blank\" rel=\"noopener\"><span class=\"kt-btn-inner-text\">LinkedIn<\/span><span class=\"kb-svg-icon-wrap kb-svg-icon-fe_linkedin kt-btn-icon-side-right\"><svg viewBox=\"0 0 24 24\"  fill=\"none\" stroke=\"currentColor\" stroke-width=\"2\" stroke-linecap=\"round\" stroke-linejoin=\"round\" xmlns=\"http:\/\/www.w3.org\/2000\/svg\"  aria-hidden=\"true\"><path d=\"M16 8a6 6 0 0 1 6 6v7h-4v-7a2 2 0 0 0-2-2 2 2 0 0 0-2 2v7h-4v-7a6 6 0 0 1 6-6z\"\/><rect x=\"2\" y=\"9\" width=\"4\" height=\"12\"\/><circle cx=\"4\" cy=\"4\" r=\"2\"\/><\/svg><\/span><\/a>\n\n<style>ul.menu .wp-block-kadence-advancedbtn .kb-btn5877_b1cdf0-bf.kb-button{width:initial;}.wp-block-kadence-advancedbtn .kb-btn5877_b1cdf0-bf.kb-button{color:var(--ast-global-color-6);background:var(--ast-global-color-0);}.kb-btn5877_b1cdf0-bf.kb-button .kb-svg-icon-wrap{font-size:38px;--kb-button-icon-size:38px;}.kb-btn5877_b1cdf0-bf.kb-button .kt-btn-inner-text{display:none;}<\/style><a class=\"kb-button kt-button button kb-btn5877_b1cdf0-bf kt-btn-size-standard kt-btn-width-type-auto kb-btn-global-inherit  kt-btn-has-text-true kt-btn-has-svg-true  wp-block-button__link wp-block-kadence-singlebtn\" href=\"https:\/\/x.com\/fswuerstlin\"><span class=\"kt-btn-inner-text\">LinkedIn<\/span><span class=\"kb-svg-icon-wrap kb-svg-icon-ic_twitterX kt-btn-icon-side-right\"><svg viewBox=\"0 0 1200 1227\"  fill=\"currentColor\" xmlns=\"http:\/\/www.w3.org\/2000\/svg\"  aria-hidden=\"true\"><path d=\"M714.163 519.284L1160.89 0H1055.03L667.137 450.887L357.328 0H0L468.492 681.821L0 1226.37H105.866L515.491 750.218L842.672 1226.37H1200L714.137 519.284H714.163ZM569.165 687.828L521.697 619.934L144.011 79.6944H306.615L611.412 515.685L658.88 583.579L1055.08 1150.3H892.476L569.165 687.854V687.828Z\"\/><\/svg><\/span><\/a>\n\n<style>ul.menu .wp-block-kadence-advancedbtn .kb-btn5877_a2f1bf-93.kb-button{width:initial;}.wp-block-kadence-advancedbtn .kb-btn5877_a2f1bf-93.kb-button{color:var(--ast-global-color-6);background:var(--ast-global-color-0);}.kb-btn5877_a2f1bf-93.kb-button .kb-svg-icon-wrap{font-size:38px;--kb-button-icon-size:38px;}.kb-btn5877_a2f1bf-93.kb-button .kt-btn-inner-text{display:none;}<\/style><a class=\"kb-button kt-button button kb-btn5877_a2f1bf-93 kt-btn-size-standard kt-btn-width-type-auto kb-btn-global-inherit  kt-btn-has-text-false kt-btn-has-svg-true  wp-block-button__link wp-block-kadence-singlebtn\" href=\"https:\/\/www.instagram.com\/florianwuerstlin\/\" target=\"_blank\" rel=\"noopener\"><span class=\"kb-svg-icon-wrap kb-svg-icon-fe_instagram kt-btn-icon-side-right\"><svg viewBox=\"0 0 24 24\"  fill=\"none\" stroke=\"currentColor\" stroke-width=\"2\" stroke-linecap=\"round\" stroke-linejoin=\"round\" xmlns=\"http:\/\/www.w3.org\/2000\/svg\"  aria-hidden=\"true\"><rect x=\"2\" y=\"2\" width=\"20\" height=\"20\" rx=\"5\" ry=\"5\"\/><path d=\"M16 11.37A4 4 0 1 1 12.63 8 4 4 0 0 1 16 11.37z\"\/><line x1=\"17.5\" y1=\"6.5\" x2=\"17.5\" y2=\"6.5\"\/><\/svg><\/span><\/a>\n\n<style>ul.menu .wp-block-kadence-advancedbtn .kb-btn5877_9b5d61-bd.kb-button{width:initial;}.wp-block-kadence-advancedbtn .kb-btn5877_9b5d61-bd.kb-button{color:var(--ast-global-color-6);background:var(--ast-global-color-0);}.kb-btn5877_9b5d61-bd.kb-button .kb-svg-icon-wrap{font-size:38px;--kb-button-icon-size:38px;}.kb-btn5877_9b5d61-bd.kb-button .kt-btn-inner-text{display:none;}<\/style><a class=\"kb-button kt-button button kb-btn5877_9b5d61-bd kt-btn-size-standard kt-btn-width-type-auto kb-btn-global-inherit  kt-btn-has-text-false kt-btn-has-svg-true  wp-block-button__link wp-block-kadence-singlebtn\" href=\"https:\/\/www.facebook.com\/floqo\" target=\"_blank\" rel=\"noopener\"><span class=\"kb-svg-icon-wrap kb-svg-icon-fa_facebook-n kt-btn-icon-side-right\"><svg viewBox=\"0 0 512 512\"  fill=\"currentColor\" xmlns=\"http:\/\/www.w3.org\/2000\/svg\"  aria-hidden=\"true\"><path d=\"M504 256C504 119 393 8 256 8S8 119 8 256c0 123.78 90.69 226.38 209.25 245V327.69h-63V256h63v-54.64c0-62.15 37-96.48 93.67-96.48 27.14 0 55.52 4.84 55.52 4.84v61h-31.28c-30.8 0-40.41 19.12-40.41 38.73V256h68.78l-11 71.69h-57.78V501C413.31 482.38 504 379.78 504 256z\"\/><\/svg><\/span><\/a>\n\n<style>ul.menu .wp-block-kadence-advancedbtn .kb-btn5877_aeee32-6b.kb-button{width:initial;}.wp-block-kadence-advancedbtn .kb-btn5877_aeee32-6b.kb-button{color:var(--ast-global-color-6);background:var(--ast-global-color-0);}.kb-btn5877_aeee32-6b.kb-button .kb-svg-icon-wrap{font-size:38px;--kb-button-icon-size:38px;}.kb-btn5877_aeee32-6b.kb-button .kt-btn-inner-text{display:none;}<\/style><a class=\"kb-button kt-button button kb-btn5877_aeee32-6b kt-btn-size-standard kt-btn-width-type-auto kb-btn-global-inherit  kt-btn-has-text-false kt-btn-has-svg-true  wp-block-button__link wp-block-kadence-singlebtn\" href=\"https:\/\/www.youtube.com\/@florian-schreibt\/videos\" target=\"_blank\" rel=\"noopener\"><span class=\"kb-svg-icon-wrap kb-svg-icon-fe_youtube kt-btn-icon-side-right\"><svg viewBox=\"0 0 24 24\"  fill=\"none\" stroke=\"currentColor\" stroke-width=\"2\" stroke-linecap=\"round\" stroke-linejoin=\"round\" xmlns=\"http:\/\/www.w3.org\/2000\/svg\"  aria-hidden=\"true\"><path d=\"M22.54 6.42a2.78 2.78 0 0 0-1.94-2C18.88 4 12 4 12 4s-6.88 0-8.6.46a2.78 2.78 0 0 0-1.94 2A29 29 0 0 0 1 11.75a29 29 0 0 0 .46 5.33A2.78 2.78 0 0 0 3.4 19c1.72.46 8.6.46 8.6.46s6.88 0 8.6-.46a2.78 2.78 0 0 0 1.94-2 29 29 0 0 0 .46-5.25 29 29 0 0 0-.46-5.33z\"\/><polygon points=\"9.75 15.02 15.5 11.75 9.75 8.48 9.75 15.02\"\/><\/svg><\/span><\/a>\n\n<style>ul.menu .wp-block-kadence-advancedbtn .kb-btn5877_5d5056-89.kb-button{width:initial;}.wp-block-kadence-advancedbtn .kb-btn5877_5d5056-89.kb-button{color:var(--ast-global-color-6);background:var(--ast-global-color-0);}.kb-btn5877_5d5056-89.kb-button .kb-svg-icon-wrap{font-size:38px;--kb-button-icon-size:38px;}.kb-btn5877_5d5056-89.kb-button .kt-btn-inner-text{display:none;}<\/style><a class=\"kb-button kt-button button kb-btn5877_5d5056-89 kt-btn-size-standard kt-btn-width-type-auto kb-btn-global-inherit  kt-btn-has-text-false kt-btn-has-svg-true  wp-block-button__link wp-block-kadence-singlebtn\" href=\"http:\/\/tiktok.com\/@florian.wuerstlin\" target=\"_blank\" rel=\"noopener\"><span class=\"kb-svg-icon-wrap kb-svg-icon-fe_tiktok kt-btn-icon-side-right\"><svg viewBox=\"0 0 34 32\"  fill=\"none\" stroke=\"currentColor\" stroke-width=\"2\" stroke-linecap=\"round\" stroke-linejoin=\"round\" xmlns=\"http:\/\/www.w3.org\/2000\/svg\"  aria-hidden=\"true\"><path d=\"M16.707.027C18.454 0 20.187.014 21.92 0c.107 2.04.84 4.12 2.333 5.56 1.493 1.48 3.6 2.16 5.653 2.387v5.373c-1.92-.067-3.853-.467-5.6-1.293-.76-.347-1.467-.787-2.16-1.24-.013 3.893.013 7.787-.027 11.667-.107 1.867-.72 3.72-1.8 5.253-1.747 2.56-4.773 4.227-7.88 4.28-1.907.107-3.813-.413-5.44-1.373-2.693-1.587-4.587-4.493-4.867-7.613a24.42 24.42 0 01-.013-1.987 10.004 10.004 0 013.44-6.613c2.213-1.92 5.307-2.84 8.2-2.293.027 1.973-.053 3.947-.053 5.92-1.32-.427-2.867-.307-4.027.493a4.631 4.631 0 00-1.813 2.333c-.28.68-.2 1.427-.187 2.147.32 2.187 2.427 4.027 4.667 3.827 1.493-.013 2.92-.88 3.693-2.147.253-.44.533-.893.547-1.413.133-2.387.08-4.76.093-7.147.013-5.373-.013-10.733.027-16.093z\"\/><\/svg><\/span><\/a><\/div>\n<\/div>\n\n\n\n<div class=\"wp-block-uagb-container uagb-block-bc55411d\"><style>.wp-block-kadence-advancedbtn.kb-btns5877_1f01d5-f9{gap:var(--global-kb-gap-xs, 0.5rem );justify-content:center;align-items:center;}.kt-btns5877_1f01d5-f9 .kt-button{font-weight:normal;font-style:normal;}.kt-btns5877_1f01d5-f9 .kt-btn-wrap-0{margin-right:5px;}.wp-block-kadence-advancedbtn.kt-btns5877_1f01d5-f9 .kt-btn-wrap-0 .kt-button{color:#555555;border-color:#555555;}.wp-block-kadence-advancedbtn.kt-btns5877_1f01d5-f9 .kt-btn-wrap-0 .kt-button:hover, .wp-block-kadence-advancedbtn.kt-btns5877_1f01d5-f9 .kt-btn-wrap-0 .kt-button:focus{color:#ffffff;border-color:#444444;}.wp-block-kadence-advancedbtn.kt-btns5877_1f01d5-f9 .kt-btn-wrap-0 .kt-button::before{display:none;}.wp-block-kadence-advancedbtn.kt-btns5877_1f01d5-f9 .kt-btn-wrap-0 .kt-button:hover, .wp-block-kadence-advancedbtn.kt-btns5877_1f01d5-f9 .kt-btn-wrap-0 .kt-button:focus{background:#444444;}<\/style>\n<div class=\"wp-block-kadence-advancedbtn kb-buttons-wrap kb-btns5877_1f01d5-f9\"><style>ul.menu .wp-block-kadence-advancedbtn .kb-btn5877_b2aca2-30.kb-button{width:initial;}<\/style><a class=\"kb-button kt-button button kb-btn5877_b2aca2-30 kt-btn-size-standard kt-btn-width-type-auto kb-btn-global-inherit  kt-btn-has-text-true kt-btn-has-svg-false  wp-block-button__link wp-block-kadence-singlebtn\" href=\"https:\/\/florian-schreibt.de\/ebook\/\"><span class=\"kt-btn-inner-text\">Mi libro electr\u00f3nico<\/span><\/a>\n\n<style>ul.menu .wp-block-kadence-advancedbtn .kb-btn5877_9419ef-d5.kb-button{width:initial;}<\/style><a class=\"kb-button kt-button button kb-btn5877_9419ef-d5 kt-btn-size-standard kt-btn-width-type-auto kb-btn-global-inherit  kt-btn-has-text-true kt-btn-has-svg-false  wp-block-button__link wp-block-kadence-singlebtn\" href=\"https:\/\/florian-schreibt.de\/es\/datos-interesantes-sobre-mi-v1-0\/\"><span class=\"kt-btn-inner-text\">Sobre m\u00ed<\/span><\/a><\/div>\n<\/div>\n\n\n\n<div class=\"wp-block-uagb-container uagb-block-b07669dc\">\n<div class=\"wp-block-uagb-image uagb-block-11685776 wp-block-uagb-image--layout-default wp-block-uagb-image--effect-static wp-block-uagb-image--align-none\"><figure class=\"wp-block-uagb-image__figure\"><img decoding=\"async\" src=\"https:\/\/florian-schreibt.de\/wp-content\/uploads\/2024\/07\/dbanner-1-1024x272.png\" alt=\"e-car\" class=\"uag-image-784\" width=\"5292\" height=\"1404\" title=\"dbanner-1\" loading=\"lazy\" role=\"img\"><\/figure><\/div>\n<\/div>\n\n\n\n<div class=\"wp-block-uagb-container uagb-block-84db9c08\">\n<p class=\"has-small-font-size\" style=\"padding-top:0;padding-right:0;padding-bottom:0;padding-left:0\">Referencias<\/p>\n\n\n\n<p class=\"has-small-font-size\">(1) <a href=\"https:\/\/www.bundesfinanzministerium.de\/Web\/DE\/Service\/Apps_Rechner\/KfzRechner\/KfzRechner.html\" target=\"_blank\" rel=\"noopener\">Calculadora del impuesto de matriculaci\u00f3n en Alemania<\/a><\/p>\n\n\n\n<p class=\"has-small-font-size\">(2) https:\/\/www.check24.de\/<\/p>\n\n\n\n<p class=\"has-small-font-size\">(3) <a href=\"https:\/\/www.spritmonitor.de\/\" target=\"_blank\" rel=\"noopener\">spritmonitor.de<\/a><\/p>\n\n\n\n<p class=\"has-small-font-size\">(4) <a href=\"https:\/\/www.enbw.com\/elektromobilitaet\/produkte\/mobilityplus-app\/\" target=\"_blank\" rel=\"noopener\">enbw Movilidad plus<\/a><\/p>\n\n\n\n<p class=\"has-small-font-size\">(5) <a href=\"https:\/\/www.nissan.de\/fahrzeuge\/neuwagen\/ariya.html\" target=\"_blank\" rel=\"noopener\">Nissan Ariya<\/a><\/p>\n\n\n\n<p class=\"has-small-font-size\">(6) <a href=\"https:\/\/www.skoda-auto.de\/modelle\/kodiaq\/kodiaq\" target=\"_blank\" rel=\"noopener\">Skoda Kodiaq<\/a><\/p>\n\n\n\n<p class=\"has-small-font-size\">(7) <a href=\"https:\/\/www.toyota.at\/service\/ratgeber\/elektroauto-foerderung\" target=\"_blank\" rel=\"noopener\">Toyota Austria<\/a><\/p>\n\n\n\n<p class=\"has-small-font-size\">(8) <a href=\"https:\/\/www.wallboxdiscounter.com\/de\/beratung\/zuschuss-fuer-ladestationen-und-elektrofahrzeuge-i\/\" target=\"_blank\" rel=\"noopener\">Wallbox B\u00e9lgica<\/a><\/p>\n\n\n\n<p class=\"has-small-font-size\">(9) <a href=\"https:\/\/www.evz.de\/reisen-verkehr\/auto\/elektrofahrzeuge-in-der-eu\/laenderinfos-fuer-e-autos.html\" target=\"_blank\" rel=\"noopener\">Suiza<\/a><\/p>\n\n\n\n<p class=\"has-small-font-size\">(10) Alemania<\/p>\n\n\n\n<p class=\"has-small-font-size\">(11) <a href=\"https:\/\/cincodias.elpais.com\/companias\/2025-01-23\/espana-repite-el-error-aleman-la-caida-del-decreto-omnibus-deja-sin-ayudas-al-coche-electrico.html\" target=\"_blank\" rel=\"noopener\">Espa\u00f1a<\/a><\/p>\n\n\n\n<p class=\"has-small-font-size\">(12) <a href=\"https:\/\/www.evz.de\/reisen-verkehr\/auto\/elektrofahrzeuge-in-der-eu\/laenderinfos-fuer-e-autos.html\" target=\"_blank\" rel=\"noopener\">Francia<\/a><\/p>\n\n\n\n<p class=\"has-small-font-size\">(13) <a href=\"https:\/\/www.evz.de\/reisen-verkehr\/auto\/elektrofahrzeuge-in-der-eu\/laenderinfos-fuer-e-autos.html\" target=\"_blank\" rel=\"noopener\">Italia<\/a><\/p>\n<\/div>\n<\/div><\/div>\n\n<p><\/p>\n","protected":false},"excerpt":{"rendered":"<p>Informe Experiencia 2025: Coche el\u00e9ctrico, subvenciones y costes de un vistazo. Consejos y trucos para encontrar tu modelo de coche el\u00e9ctrico: \u00a1pr\u00e1ctico y f\u00e1cil de entender! <\/p>\n","protected":false},"author":1,"featured_media":6057,"comment_status":"open","ping_status":"open","sticky":false,"template":"","format":"standard","meta":{"_uag_custom_page_level_css":"","site-sidebar-layout":"default","site-content-layout":"","ast-site-content-layout":"","site-content-style":"default","site-sidebar-style":"default","ast-global-header-display":"","ast-banner-title-visibility":"","ast-main-header-display":"","ast-hfb-above-header-display":"","ast-hfb-below-header-display":"","ast-hfb-mobile-header-display":"","site-post-title":"disabled","ast-breadcrumbs-content":"","ast-featured-img":"","footer-sml-layout":"","ast-disable-related-posts":"","theme-transparent-header-meta":"","adv-header-id-meta":"","stick-header-meta":"","header-above-stick-meta":"","header-main-stick-meta":"","header-below-stick-meta":"","astra-migrate-meta-layouts":"default","ast-page-background-enabled":"default","ast-page-background-meta":{"desktop":{"background-color":"var(--ast-global-color-4)","background-image":"","background-repeat":"repeat","background-position":"center center","background-size":"auto","background-attachment":"scroll","background-type":"","background-media":"","overlay-type":"","overlay-color":"","overlay-opacity":"","overlay-gradient":""},"tablet":{"background-color":"","background-image":"","background-repeat":"repeat","background-position":"center center","background-size":"auto","background-attachment":"scroll","background-type":"","background-media":"","overlay-type":"","overlay-color":"","overlay-opacity":"","overlay-gradient":""},"mobile":{"background-color":"","background-image":"","background-repeat":"repeat","background-position":"center center","background-size":"auto","background-attachment":"scroll","background-type":"","background-media":"","overlay-type":"","overlay-color":"","overlay-opacity":"","overlay-gradient":""}},"ast-content-background-meta":{"desktop":{"background-color":"var(--ast-global-color-5)","background-image":"","background-repeat":"repeat","background-position":"center center","background-size":"auto","background-attachment":"scroll","background-type":"","background-media":"","overlay-type":"","overlay-color":"","overlay-opacity":"","overlay-gradient":""},"tablet":{"background-color":"var(--ast-global-color-5)","background-image":"","background-repeat":"repeat","background-position":"center center","background-size":"auto","background-attachment":"scroll","background-type":"","background-media":"","overlay-type":"","overlay-color":"","overlay-opacity":"","overlay-gradient":""},"mobile":{"background-color":"var(--ast-global-color-5)","background-image":"","background-repeat":"repeat","background-position":"center center","background-size":"auto","background-attachment":"scroll","background-type":"","background-media":"","overlay-type":"","overlay-color":"","overlay-opacity":"","overlay-gradient":""}},"footnotes":""},"categories":[640],"tags":[1988,1995,1984,1998,1994,1983,1979,1980,1992,1991,1997,2001,2000,1981,1982,1987,1990,1985,1989,1999,1978,1986,1993,1996,2002],"class_list":["post-6061","post","type-post","status-publish","format-standard","has-post-thumbnail","hentry","category-blog-es","tag-arrendamiento","tag-bateria","tag-comparacion-de-costes","tag-consumo-de-energia","tag-costes-de-explotacion","tag-cuota-de-gei","tag-e-car","tag-electromovilidad","tag-emisiones-de-co2","tag-estacion-de-carga","tag-experiencia-al-volante","tag-gastos-de-mantenimiento","tag-incentivos","tag-infraestructura-de-recarga","tag-llegue-a","tag-medio-ambiente","tag-paises-financiadores","tag-precio-de-la-electricidad","tag-prima-de-compra","tag-primas","tag-promocion","tag-sostenibilidad","tag-subvencion","tag-tecnologia","tag-tendencias-de-la-movilidad-electrica"],"uagb_featured_image_src":{"full":["https:\/\/florian-schreibt.de\/wp-content\/uploads\/2025\/01\/Elektroauto-2025-33-1.webp",1200,675,false],"thumbnail":["https:\/\/florian-schreibt.de\/wp-content\/uploads\/2025\/01\/Elektroauto-2025-33-1-150x150.webp",150,150,true],"medium":["https:\/\/florian-schreibt.de\/wp-content\/uploads\/2025\/01\/Elektroauto-2025-33-1-300x169.webp",300,169,true],"medium_large":["https:\/\/florian-schreibt.de\/wp-content\/uploads\/2025\/01\/Elektroauto-2025-33-1-768x432.webp",768,432,true],"large":["https:\/\/florian-schreibt.de\/wp-content\/uploads\/2025\/01\/Elektroauto-2025-33-1-1024x576.webp",1024,576,true],"1536x1536":["https:\/\/florian-schreibt.de\/wp-content\/uploads\/2025\/01\/Elektroauto-2025-33-1.webp",1200,675,false],"2048x2048":["https:\/\/florian-schreibt.de\/wp-content\/uploads\/2025\/01\/Elektroauto-2025-33-1.webp",1200,675,false]},"uagb_author_info":{"display_name":"Florian","author_link":"https:\/\/florian-schreibt.de\/es\/author\/admin\/"},"uagb_comment_info":0,"uagb_excerpt":"Informe Experiencia 2025: Coche el\u00e9ctrico, subvenciones y costes de un vistazo. Consejos y trucos para encontrar tu modelo de coche el\u00e9ctrico: \u00a1pr\u00e1ctico y f\u00e1cil de entender!","amp_enabled":true,"_links":{"self":[{"href":"https:\/\/florian-schreibt.de\/es\/wp-json\/wp\/v2\/posts\/6061","targetHints":{"allow":["GET"]}}],"collection":[{"href":"https:\/\/florian-schreibt.de\/es\/wp-json\/wp\/v2\/posts"}],"about":[{"href":"https:\/\/florian-schreibt.de\/es\/wp-json\/wp\/v2\/types\/post"}],"author":[{"embeddable":true,"href":"https:\/\/florian-schreibt.de\/es\/wp-json\/wp\/v2\/users\/1"}],"replies":[{"embeddable":true,"href":"https:\/\/florian-schreibt.de\/es\/wp-json\/wp\/v2\/comments?post=6061"}],"version-history":[{"count":6,"href":"https:\/\/florian-schreibt.de\/es\/wp-json\/wp\/v2\/posts\/6061\/revisions"}],"predecessor-version":[{"id":6521,"href":"https:\/\/florian-schreibt.de\/es\/wp-json\/wp\/v2\/posts\/6061\/revisions\/6521"}],"wp:featuredmedia":[{"embeddable":true,"href":"https:\/\/florian-schreibt.de\/es\/wp-json\/wp\/v2\/media\/6057"}],"wp:attachment":[{"href":"https:\/\/florian-schreibt.de\/es\/wp-json\/wp\/v2\/media?parent=6061"}],"wp:term":[{"taxonomy":"category","embeddable":true,"href":"https:\/\/florian-schreibt.de\/es\/wp-json\/wp\/v2\/categories?post=6061"},{"taxonomy":"post_tag","embeddable":true,"href":"https:\/\/florian-schreibt.de\/es\/wp-json\/wp\/v2\/tags?post=6061"}],"curies":[{"name":"wp","href":"https:\/\/api.w.org\/{rel}","templated":true}]}}