{"id":4727,"date":"2024-11-08T15:09:59","date_gmt":"2024-11-08T15:09:59","guid":{"rendered":"https:\/\/florian-schreibt.de\/?p=4727"},"modified":"2024-11-08T15:51:21","modified_gmt":"2024-11-08T15:51:21","slug":"vfm-zwiefalten-en-otono-2024","status":"publish","type":"post","link":"https:\/\/florian-schreibt.de\/es\/vfm-zwiefalten-en-otono-2024\/","title":{"rendered":"El viaje de Florian &#8211; Mosaico &#8211; Zwiefalten en oto\u00f1o 2024 &#8211; Esplendor silencioso en aguas corrientes"},"content":{"rendered":"\n<div class=\"wp-block-uagb-container uagb-block-440d8177 alignfull uagb-is-root-container\"><div class=\"uagb-container-inner-blocks-wrap\">\n<header class=\"wp-block-uagb-advanced-heading uagb-block-451cebcc\"><h2 class=\"uagb-heading-text\">El viaje de Florian &#8211; Mosaico &#8211; Zwiefalten en oto\u00f1o 2024 &#8211; Esplendor silencioso en aguas corrientes<\/h2><\/header>\n<\/div><\/div>\n\n\n\n<div class=\"wp-block-uagb-container uagb-block-186bb4cc alignfull uagb-is-root-container\"><div class=\"uagb-container-inner-blocks-wrap\">\n<div class=\"wp-block-uagb-container uagb-block-03cccea9\">\n<div class=\"wp-block-uagb-container uagb-block-bfbc0da2\">\n<div class=\"wp-block-uagb-container uagb-block-219d39d8\">\n<div class=\"wp-block-uagb-container uagb-block-f338b4e0\"><style>.wp-block-kadence-advancedbtn.kb-btns4727_442621-46{gap:var(--global-kb-gap-xs, 0.5rem );justify-content:center;align-items:center;}.kt-btns4727_442621-46 .kt-button{font-weight:normal;font-style:normal;}.kt-btns4727_442621-46 .kt-btn-wrap-0{margin-right:5px;}.wp-block-kadence-advancedbtn.kt-btns4727_442621-46 .kt-btn-wrap-0 .kt-button{color:#555555;border-color:#555555;}.wp-block-kadence-advancedbtn.kt-btns4727_442621-46 .kt-btn-wrap-0 .kt-button:hover, .wp-block-kadence-advancedbtn.kt-btns4727_442621-46 .kt-btn-wrap-0 .kt-button:focus{color:#ffffff;border-color:#444444;}.wp-block-kadence-advancedbtn.kt-btns4727_442621-46 .kt-btn-wrap-0 .kt-button::before{display:none;}.wp-block-kadence-advancedbtn.kt-btns4727_442621-46 .kt-btn-wrap-0 .kt-button:hover, .wp-block-kadence-advancedbtn.kt-btns4727_442621-46 .kt-btn-wrap-0 .kt-button:focus{background:#444444;}<\/style>\n<div class=\"wp-block-kadence-advancedbtn kb-buttons-wrap kb-btns4727_442621-46\"><style>ul.menu .wp-block-kadence-advancedbtn .kb-btn4727_af4a43-54.kb-button{width:initial;}.wp-block-kadence-advancedbtn .kb-btn4727_af4a43-54.kb-button{color:var(--ast-global-color-6);background:var(--ast-global-color-0);}<\/style><a class=\"kb-button kt-button button kb-btn4727_af4a43-54 kt-btn-size-standard kt-btn-width-type-auto kb-btn-global-inherit  kt-btn-has-text-true kt-btn-has-svg-false  wp-block-button__link wp-block-kadence-singlebtn\" href=\"https:\/\/florian-schreibt.de\/es\/datos-interesantes-sobre-mi-v1-0\/\"><span class=\"kt-btn-inner-text\">Sobre m\u00ed<\/span><\/a><\/div>\n<\/div>\n\n\n\n<div class=\"wp-block-uagb-container uagb-block-34eaf5c7\"><style>.wp-block-kadence-advancedbtn.kb-btns4727_e33289-ba{gap:var(--global-kb-gap-xs, 0.5rem );justify-content:center;align-items:center;}.kt-btns4727_e33289-ba .kt-button{font-weight:normal;font-style:normal;}.kt-btns4727_e33289-ba .kt-btn-wrap-0{margin-right:5px;}.wp-block-kadence-advancedbtn.kt-btns4727_e33289-ba .kt-btn-wrap-0 .kt-button{color:#555555;border-color:#555555;}.wp-block-kadence-advancedbtn.kt-btns4727_e33289-ba .kt-btn-wrap-0 .kt-button:hover, .wp-block-kadence-advancedbtn.kt-btns4727_e33289-ba .kt-btn-wrap-0 .kt-button:focus{color:#ffffff;border-color:#444444;}.wp-block-kadence-advancedbtn.kt-btns4727_e33289-ba .kt-btn-wrap-0 .kt-button::before{display:none;}.wp-block-kadence-advancedbtn.kt-btns4727_e33289-ba .kt-btn-wrap-0 .kt-button:hover, .wp-block-kadence-advancedbtn.kt-btns4727_e33289-ba .kt-btn-wrap-0 .kt-button:focus{background:#444444;}<\/style>\n<div class=\"wp-block-kadence-advancedbtn kb-buttons-wrap kb-btns4727_e33289-ba\"><style>ul.menu .wp-block-kadence-advancedbtn .kb-btn4727_c8a349-d1.kb-button{width:initial;}.wp-block-kadence-advancedbtn .kb-btn4727_c8a349-d1.kb-button{color:var(--ast-global-color-6);background:var(--ast-global-color-0);}<\/style><a class=\"kb-button kt-button button kb-btn4727_c8a349-d1 kt-btn-size-standard kt-btn-width-type-auto kb-btn-global-inherit  kt-btn-has-text-true kt-btn-has-svg-false  wp-block-button__link wp-block-kadence-singlebtn\" href=\"https:\/\/florian-schreibt.de\/es\/mi-apasionante-blog-1-0\/\"><span class=\"kt-btn-inner-text\">Al blog<\/span><\/a><\/div>\n<\/div>\n<\/div>\n<\/div>\n<\/div>\n<\/div><\/div>\n\n\n\n<p>Buenos d\u00edas.<\/p>\n\n\n\n<p>Y bienvenidos a otra pieza del mosaico viajero de Florian.<\/p>\n\n\n\n<p>Nuestro viaje de hoy nos lleva al coraz\u00f3n del sur de Alemania, al municipio de Zwiefalten.<\/p>\n\n\n\n<p>Venga y escape de la vida cotidiana a los Zwiefalten escondidos, a los lugares m\u00e1s tranquilos y a un mundo que no se ve todos los d\u00edas.<\/p>\n\n\n<style>.kb-table-of-content-nav.kb-table-of-content-id4727_260fd5-a9 .kb-table-of-content-wrap{padding-top:var(--global-kb-spacing-sm, 1.5rem);padding-right:var(--global-kb-spacing-sm, 1.5rem);padding-bottom:var(--global-kb-spacing-sm, 1.5rem);padding-left:var(--global-kb-spacing-sm, 1.5rem);}.kb-table-of-content-nav.kb-table-of-content-id4727_260fd5-a9 .kb-table-of-contents-title-wrap{padding-top:0px;padding-right:0px;padding-bottom:0px;padding-left:0px;}.kb-table-of-content-nav.kb-table-of-content-id4727_260fd5-a9 .kb-table-of-contents-title{font-size:var(--global-kb-font-size-xl, 3rem);font-weight:regular;font-style:normal;}.kb-table-of-content-nav.kb-table-of-content-id4727_260fd5-a9 .kb-table-of-content-wrap .kb-table-of-content-list{font-weight:regular;font-style:normal;margin-top:var(--global-kb-spacing-sm, 1.5rem);margin-right:0px;margin-bottom:0px;margin-left:0px;}<\/style>\n\n\n<div class=\"wp-block-uagb-container uagb-block-a90393cd alignfull uagb-is-root-container\"><div class=\"uagb-container-inner-blocks-wrap\">\n<div class=\"wp-block-uagb-image uagb-block-37606f3e wp-block-uagb-image--layout-default wp-block-uagb-image--effect-static wp-block-uagb-image--align-none\"><figure class=\"wp-block-uagb-image__figure\"><img decoding=\"async\" srcset=\"https:\/\/florian-schreibt.de\/wp-content\/uploads\/2024\/11\/Zwiefalten2-1024x768.webp ,https:\/\/florian-schreibt.de\/wp-content\/uploads\/2024\/11\/Zwiefalten2-jpg.webp 780w, https:\/\/florian-schreibt.de\/wp-content\/uploads\/2024\/11\/Zwiefalten2-jpg.webp 360w\" sizes=\"auto, (max-width: 480px) 150px\" src=\"https:\/\/florian-schreibt.de\/wp-content\/uploads\/2024\/11\/Zwiefalten2-1024x768.webp\" alt=\"Florians Reise \u2013 Mosaik \u2013 Zwiefalten im Herbst \u2013 Stiller Prunk in flie\u00dfenden Wassern\" class=\"uag-image-4587\" width=\"1200\" height=\"900\" title=\"Zwiefalten2\" loading=\"lazy\" role=\"img\"\/><\/figure><\/div>\n<\/div><\/div>\n\n\n\n<h2 class=\"wp-block-heading\">\u00bfQu\u00e9 me atrae de Zwiefalten?<\/h2>\n\n\n\n<p>Lo que siempre me ha atra\u00eddo de Zwiefalten es el contraste entre su ubicaci\u00f3n y su significado y caracter\u00edsticas. Por eso investigu\u00e9 a fondo este apasionante lugar.<\/p>\n\n\n\n<p>Est\u00e1 usted aqu\u00ed, en el coraz\u00f3n del Alb Suabo, lejos de Stuttgart o Ulm, en medio de la nada, donde zorros y liebres se dan literalmente las buenas noches.<\/p>\n\n\n\n<p>No creo que nadie que no lo conozca o lo busque expresamente espere tanto esplendor en un lugar tan tranquilo, rodeado de campos y monta\u00f1as. \ud83d\ude32<\/p>\n\n\n\n<p>Las dos torres de la iglesia del monasterio se pueden ver desde lejos mientras se conduce hacia el valle. Probablemente est\u00e9s pensando que son torres preciosas. <\/p>\n\n\n\n<div class=\"wp-block-uagb-image uagb-block-11b3eab8 wp-block-uagb-image--layout-default wp-block-uagb-image--effect-static wp-block-uagb-image--align-none\"><figure class=\"wp-block-uagb-image__figure\"><img decoding=\"async\" srcset=\"https:\/\/florian-schreibt.de\/wp-content\/uploads\/2024\/11\/Zwiefalten3-771x1024.webp ,https:\/\/florian-schreibt.de\/wp-content\/uploads\/2024\/11\/Zwiefalten3-jpg.webp 780w, https:\/\/florian-schreibt.de\/wp-content\/uploads\/2024\/11\/Zwiefalten3-jpg.webp 360w\" sizes=\"auto, (max-width: 480px) 150px\" src=\"https:\/\/florian-schreibt.de\/wp-content\/uploads\/2024\/11\/Zwiefalten3-771x1024.webp\" alt=\"Florians Reise \u2013 Mosaik \u2013 Zwiefalten im Herbst \u2013 Stiller Prunk in flie\u00dfenden Wassern\" class=\"uag-image-4592\" width=\"904\" height=\"1200\" title=\"Zwiefalten3\" loading=\"lazy\" role=\"img\"\/><\/figure><\/div>\n\n\n\n<p style=\"margin-top:var(--wp--preset--spacing--60)\"><strong>Pero no tienes ni idea de lo que se esconde dentro.<\/strong><\/p>\n\n\n\n<p>Por eso es importante que hoy se lo cuente y le presente la belleza de este rec\u00f3ndito lugar.<\/p>\n\n\n\n<div class=\"wp-block-uagb-advanced-heading uagb-block-9a560cc3\"><h2 class=\"uagb-heading-text\">Qu\u00e9 ver en Zwiefalten y c\u00f3mo conocer su historia<\/h2><\/div>\n\n\n\n<p>Por supuesto, debido a la multitud de posibilidades de nuestra expedici\u00f3n, s\u00f3lo puedo entrar en los puntos que son especiales para m\u00ed en mis expediciones.  <\/p>\n\n\n\n<p>Pero mis destinos son siempre los lugares fuera de los caminos trillados. A veces son probablemente tur\u00edsticos, pero no todo el mundo tiene estos lugares en su radar. <\/p>\n\n\n\n<div class=\"wp-block-uagb-advanced-heading uagb-block-90c0d282\"><h3 class=\"uagb-heading-text\">Localizaci\u00f3n e importancia<\/h3><\/div>\n\n\n\n<p style=\"margin-top:var(--wp--preset--spacing--50)\">Como ya se ha mencionado, Zwiefalten se encuentra en Alemania, m\u00e1s concretamente en el estado de Baden-Wurtemberg, en el coraz\u00f3n del Alb Suabo.<\/p>\n\n\n\t\t\t<div \n\t\t\tclass=\"wp-block-uagb-google-map uagb-google-map__wrap uagb-block-f41cac64     \"\n\t\t\tstyle=\"\" >\n\t\t\t\t<embed\n\t\t\t\t\tclass=\"uagb-google-map__iframe\"\n\t\t\t\t\ttitle=\"Mapa de Google de\"\n\t\t\t\t\tsrc=\"https:\/\/maps.google.com\/maps?q=kloster%20zwiefalten&#038;z=12&#038;hl=en&#038;t=m&#038;output=embed&#038;iwloc=near\"\n\t\t\t\t\twidth=\"640\"\n\t\t\t\t\theight=\"300\"\n\t\t\t\t\tloading=\"lazy\"\n\t\t\t\t><\/embed>\n\t\t\t<\/div>\n\t\t\t\n\n\n<p style=\"margin-top:var(--wp--preset--spacing--50)\">El nombre procede del alem\u00e1n antiguo y significa algo as\u00ed como \u00abdos aguas que fluyen\u00bb porque aqu\u00ed confluyen los dos arroyos Zwiefalter-Aach y Kessel-Aach.<\/p>\n\n\n\n<p>La confluencia de estos dos cursos de agua no s\u00f3lo dio nombre al pueblo, sino que tambi\u00e9n influy\u00f3 en su desarrollo. La fuerza hidr\u00e1ulica de estos r\u00edos sol\u00eda utilizarse para molinos y otras instalaciones t\u00e9cnicas. <\/p>\n\n\n\n<p>Debido a su lejan\u00eda, est\u00e1 a pocos kil\u00f3metros de todas las autopistas nacionales, incluidas las ciudades m\u00e1s grandes del sur de Alemania.<\/p>\n\n\n\n<div class=\"wp-block-uagb-image uagb-block-50ce8c52 wp-block-uagb-image--layout-default wp-block-uagb-image--effect-static wp-block-uagb-image--align-none\"><figure class=\"wp-block-uagb-image__figure\"><img decoding=\"async\" srcset=\"https:\/\/florian-schreibt.de\/wp-content\/uploads\/2024\/11\/Zwiefalten5-771x1024.webp ,https:\/\/florian-schreibt.de\/wp-content\/uploads\/2024\/11\/Zwiefalten5-jpg.webp 780w, https:\/\/florian-schreibt.de\/wp-content\/uploads\/2024\/11\/Zwiefalten5-jpg.webp 360w\" sizes=\"auto, (max-width: 480px) 150px\" src=\"https:\/\/florian-schreibt.de\/wp-content\/uploads\/2024\/11\/Zwiefalten5-771x1024.webp\" alt=\"Florians Reise \u2013 Mosaik \u2013 Zwiefalten im Herbst \u2013 Stiller Prunk in flie\u00dfenden Wassern\" class=\"uag-image-4602\" width=\"771\" height=\"1024\" title=\"Zwiefalten5\" loading=\"lazy\" role=\"img\"\/><\/figure><\/div>\n\n\n\n<p style=\"margin-top:var(--wp--preset--spacing--50)\">Pero si se viaja por el pa\u00eds lejos de las concurridas y congestionadas autopistas, Zwiefalten es un punto central del pa\u00eds por el que, al menos como yo, siempre hay que pasar de camino a casa.<\/p>\n\n\n\n<p>Yo mismo he tomado a menudo la ruta por Zwiefalten en mis numerosos viajes desde Stuttgart hacia el sur pasando por Reutlingen y Sigmaringen.<\/p>\n\n\n\n<p>Tambi\u00e9n porque siempre me gusta hacer una pausa a medio camino hacia el sur para tomar un caf\u00e9. \ud83d\ude0e<\/p>\n\n\n\n<p>Zwiefalten es sencillamente un lugar perfecto para respirar hondo y desconectar, por eso no me sorprende que aqu\u00ed se construyera un monasterio y se gestione una cl\u00ednica.<\/p>\n\n\n\n<div class=\"wp-block-uagb-advanced-heading uagb-block-e144fba2\"><h3 class=\"uagb-heading-text\">La Abad\u00eda Imperial<\/h3><\/div>\n\n\n\n<p style=\"margin-top:var(--wp--preset--spacing--50)\">La parte m\u00e1s conocida de Zwiefalten es sin duda el complejo mon\u00e1stico de la abad\u00eda y la iglesia barroca asociada, a la que se refiere mi t\u00edtulo de hoy.<\/p>\n\n\n\n<div class=\"wp-block-uagb-image uagb-block-0c4592ff wp-block-uagb-image--layout-default wp-block-uagb-image--effect-static wp-block-uagb-image--align-none\"><figure class=\"wp-block-uagb-image__figure\"><img decoding=\"async\" srcset=\"https:\/\/florian-schreibt.de\/wp-content\/uploads\/2024\/11\/Zwiefalten6-1024x768.webp ,https:\/\/florian-schreibt.de\/wp-content\/uploads\/2024\/11\/Zwiefalten6.jpg 780w, https:\/\/florian-schreibt.de\/wp-content\/uploads\/2024\/11\/Zwiefalten6.jpg 360w\" sizes=\"auto, (max-width: 480px) 150px\" src=\"https:\/\/florian-schreibt.de\/wp-content\/uploads\/2024\/11\/Zwiefalten6-1024x768.webp\" alt=\"Florians Reise \u2013 Mosaik \u2013 Zwiefalten im Herbst \u2013 Stiller Prunk in flie\u00dfenden Wassern\" class=\"uag-image-4607\" width=\"1200\" height=\"900\" title=\"Zwiefalten6\" loading=\"lazy\" role=\"img\"\/><\/figure><\/div>\n\n\n\n<p style=\"margin-top:var(--wp--preset--spacing--50)\">El monasterio fue fundado por los benedictinos en 1089, por lo que cuenta con casi 1000 a\u00f1os de historia, aunque ya no exista en su forma original como casa religiosa.<\/p>\n\n\n\n<p>R\u00e1pidamente se convirti\u00f3 en una poderosa abad\u00eda imperial y fue un centro cultural donde se copiaban escritos y se produc\u00edan libros.<\/p>\n\n\n\n<p>El monasterio vivi\u00f3 su apogeo en la Edad Media. Pose\u00eda varias fincas extensas y gozaba de numerosos privilegios. <\/p>\n\n\n\n<p>Un hito fue el llamado Tratado de Speyer de 1570, que convirti\u00f3 a Zwiefalten en un dominio independiente reconocido sin influencia regional.<\/p>\n\n\n\n<div class=\"wp-block-uagb-image uagb-block-9cc080f3 wp-block-uagb-image--layout-default wp-block-uagb-image--effect-static wp-block-uagb-image--align-none\"><figure class=\"wp-block-uagb-image__figure\"><img decoding=\"async\" srcset=\"https:\/\/florian-schreibt.de\/wp-content\/uploads\/2024\/11\/Zwiefalten7-1024x768.webp ,https:\/\/florian-schreibt.de\/wp-content\/uploads\/2024\/11\/Zwiefalten7-jpg.webp 780w, https:\/\/florian-schreibt.de\/wp-content\/uploads\/2024\/11\/Zwiefalten7-jpg.webp 360w\" sizes=\"auto, (max-width: 480px) 150px\" src=\"https:\/\/florian-schreibt.de\/wp-content\/uploads\/2024\/11\/Zwiefalten7-1024x768.webp\" alt=\"El viaje de Florian - Mosaico - Zwiefalten en oto\u00f1o 2024 - Esplendor silencioso en aguas corrientes\" class=\"uag-image-4612\" width=\"1200\" height=\"900\" title=\"Zwiefalten7\" loading=\"lazy\" role=\"img\"\/><\/figure><\/div>\n\n\n\n<p style=\"margin-top:var(--wp--preset--spacing--50)\">Gracias a ello, el monasterio sobrevivi\u00f3 a la Reforma y se conserv\u00f3, mientras que muchos otros monasterios fueron disueltos.<\/p>\n\n\n\n<p>Sin embargo, la secularizaci\u00f3n del siglo XIX marc\u00f3 un punto de inflexi\u00f3n muy profundo. En 1802, el monasterio fue disuelto y su propiedad pas\u00f3 a manos del reino de Wurtemberg. <\/p>\n\n\n\n<p>Los edificios del antiguo monasterio encontraron un nuevo uso: primero como \u00abmanicomio del estado real\u00bb, m\u00e1s tarde como hospital psiqui\u00e1trico estatal. \ud83d\udc4d<\/p>\n\n\n\n<p>Parte de la planta sigue cumpliendo esta funci\u00f3n hoy en d\u00eda, lo cual puedo entender.  <\/p>\n\n\n\n<p>Creo que un lugar tranquilo y apacible como \u00e9ste es un buen sitio para encontrarse a uno mismo y recuperarse.<\/p>\n\n\n\n<div class=\"wp-block-uagb-image uagb-block-e8d24164 wp-block-uagb-image--layout-default wp-block-uagb-image--effect-static wp-block-uagb-image--align-none\"><figure class=\"wp-block-uagb-image__figure\"><img decoding=\"async\" srcset=\"https:\/\/florian-schreibt.de\/wp-content\/uploads\/2024\/11\/Zwiefalten8-768x1024.webp ,https:\/\/florian-schreibt.de\/wp-content\/uploads\/2024\/11\/Zwiefalten8.jpg 780w, https:\/\/florian-schreibt.de\/wp-content\/uploads\/2024\/11\/Zwiefalten8.jpg 360w\" sizes=\"auto, (max-width: 480px) 150px\" src=\"https:\/\/florian-schreibt.de\/wp-content\/uploads\/2024\/11\/Zwiefalten8-768x1024.webp\" alt=\"Florians Reise \u2013 Mosaik \u2013 Zwiefalten im Herbst \u2013 Stiller Prunk in flie\u00dfenden Wassern\" class=\"uag-image-4617\" width=\"900\" height=\"1200\" title=\"Zwiefalten8\" loading=\"lazy\" role=\"img\"\/><\/figure><\/div>\n\n\n\n<h3 class=\"wp-block-heading\" style=\"margin-top:var(--wp--preset--spacing--50)\">El tranquilo esplendor &#8230;<\/h3>\n\n\n\n<p>La catedral de Nuestra Se\u00f1ora de Zwiefalter es uno de los edificios m\u00e1s importantes del barroco tard\u00edo alem\u00e1n, tanto en mi opini\u00f3n como en la opini\u00f3n general.<\/p>\n\n\n\n<p>Construida en el siglo XVIII, fue originalmente la iglesia del monasterio de la abad\u00eda benedictina de Zwiefalten. Desde su secularizaci\u00f3n en el siglo XIX, ha servido como iglesia parroquial y de peregrinaci\u00f3n.   <\/p>\n\n\n\n<p>Pero no quiero entrar aqu\u00ed en m\u00e1s datos hist\u00f3ricos, solo llevaros a este impresionante lugar. \ud83d\udc48<\/p>\n\n\n\n<div class=\"wp-block-uagb-image uagb-block-d27e0426 wp-block-uagb-image--layout-default wp-block-uagb-image--effect-static wp-block-uagb-image--align-none\"><figure class=\"wp-block-uagb-image__figure\"><img decoding=\"async\" srcset=\"https:\/\/florian-schreibt.de\/wp-content\/uploads\/2024\/11\/Zwiefalten9-768x1024.webp ,https:\/\/florian-schreibt.de\/wp-content\/uploads\/2024\/11\/Zwiefalten9-jpg.webp 780w, https:\/\/florian-schreibt.de\/wp-content\/uploads\/2024\/11\/Zwiefalten9-jpg.webp 360w\" sizes=\"auto, (max-width: 480px) 150px\" src=\"https:\/\/florian-schreibt.de\/wp-content\/uploads\/2024\/11\/Zwiefalten9-768x1024.webp\" alt=\"Florians Reise \u2013 Mosaik \u2013 Zwiefalten im Herbst \u2013 Stiller Prunk in flie\u00dfenden Wassern\" class=\"uag-image-4622\" width=\"900\" height=\"1200\" title=\"Zwiefalten9\" loading=\"lazy\" role=\"img\"\/><\/figure><\/div>\n\n\n\n<p style=\"margin-top:var(--wp--preset--spacing--60)\"><strong>Imag\u00ednese entrar en la iglesia del monasterio de Zwiefalten.<\/strong><\/p>\n\n\n\n<p>El entorno y la impresionante fachada ya le han cautivado.<\/p>\n\n\n\n<p>Entonces atraviesas el portal y las pesadas puertas de madera se cierran tras de ti.<\/p>\n\n\n\n<p><strong>Miras a tu alrededor y de repente te encuentras en un mundo diferente. \ud83d\ude32<\/strong><\/p>\n\n\n\n<div class=\"wp-block-uagb-image uagb-block-6c8ae447 wp-block-uagb-image--layout-default wp-block-uagb-image--effect-static wp-block-uagb-image--align-none\"><figure class=\"wp-block-uagb-image__figure\"><img decoding=\"async\" srcset=\"https:\/\/florian-schreibt.de\/wp-content\/uploads\/2024\/11\/ZwiefaltenKirche1-768x1024.webp ,https:\/\/florian-schreibt.de\/wp-content\/uploads\/2024\/11\/ZwiefaltenKirche1-jpg.webp 780w, https:\/\/florian-schreibt.de\/wp-content\/uploads\/2024\/11\/ZwiefaltenKirche1-jpg.webp 360w\" sizes=\"auto, (max-width: 480px) 150px\" src=\"https:\/\/florian-schreibt.de\/wp-content\/uploads\/2024\/11\/ZwiefaltenKirche1-768x1024.webp\" alt=\"Florians Reise \u2013 Mosaik \u2013 Zwiefalten im Herbst \u2013 Stiller Prunk in flie\u00dfenden Wassern\" class=\"uag-image-4627\" width=\"900\" height=\"1200\" title=\"ZwiefaltenKirche1\" loading=\"lazy\" role=\"img\"\/><\/figure><\/div>\n\n\n\n<p style=\"margin-top:var(--wp--preset--spacing--50)\">Un mar de luz se cuela por las coloridas ventanas y baila sobre los suelos art\u00edsticamente dise\u00f1ados.<\/p>\n\n\n\n<p>Tuve la suerte de experimentar varias veces el juego de la luz del sol en la iglesia.<\/p>\n\n\n\n<div class=\"wp-block-uagb-image uagb-block-db69ade0 wp-block-uagb-image--layout-default wp-block-uagb-image--effect-static wp-block-uagb-image--align-none\"><figure class=\"wp-block-uagb-image__figure\"><img decoding=\"async\" srcset=\"https:\/\/florian-schreibt.de\/wp-content\/uploads\/2024\/11\/ZwiefaltenKirche2-771x1024.webp ,https:\/\/florian-schreibt.de\/wp-content\/uploads\/2024\/11\/ZwiefaltenKirche2-jpg.webp 780w, https:\/\/florian-schreibt.de\/wp-content\/uploads\/2024\/11\/ZwiefaltenKirche2-jpg.webp 360w\" sizes=\"auto, (max-width: 480px) 150px\" src=\"https:\/\/florian-schreibt.de\/wp-content\/uploads\/2024\/11\/ZwiefaltenKirche2-771x1024.webp\" alt=\"Florians Reise \u2013 Mosaik \u2013 Zwiefalten im Herbst \u2013 Stiller Prunk in flie\u00dfenden Wassern\" class=\"uag-image-4632\" width=\"904\" height=\"1200\" title=\"ZwiefaltenKirche2\" loading=\"lazy\" role=\"img\"\/><\/figure><\/div>\n\n\n\n<p style=\"margin-top:var(--wp--preset--spacing--50)\">Miras hacia arriba y ves el techo, una obra maestra de estuco y color. \u00c1ngeles y santos parecen mirarte de frente y observarte como un reci\u00e9n llegado. \ud83d\ude44<\/p>\n\n\n\n<p>Las paredes est\u00e1n adornadas con magn\u00edficos frescos que narran historias de la Biblia. Cada rinc\u00f3n de esta catedral es una obra de arte en s\u00ed misma. <\/p>\n\n\n\n<figure class=\"wp-block-embed is-type-video is-provider-youtube wp-block-embed-youtube wp-embed-aspect-16-9 wp-has-aspect-ratio\"><div class=\"wp-block-embed__wrapper\">\n<iframe loading=\"lazy\" title=\"Zwiefalten Kirche\" width=\"500\" height=\"281\" src=\"https:\/\/www.youtube.com\/embed\/rMfjxWf306o?feature=oembed\" frameborder=\"0\" allow=\"accelerometer; autoplay; clipboard-write; encrypted-media; gyroscope; picture-in-picture; web-share\" referrerpolicy=\"strict-origin-when-cross-origin\" allowfullscreen><\/iframe>\n<\/div><\/figure>\n\n\n\n<p style=\"margin-top:var(--wp--preset--spacing--50)\">El aire se llena de una tranquila reverencia.<\/p>\n\n\n\n<p>Casi se pueden sentir las oraciones de los fieles que llevan siglos rindiendo culto aqu\u00ed. Es como si estuvieran sentados a tu lado en los bancos. <\/p>\n\n\n\n<p>Yo mismo siempre me siento abrumado por estas impresiones. \ud83d\ude0a<\/p>\n\n\n\n<div class=\"wp-block-uagb-image uagb-block-eec1c018 wp-block-uagb-image--layout-default wp-block-uagb-image--effect-static wp-block-uagb-image--align-none\"><figure class=\"wp-block-uagb-image__figure\"><img decoding=\"async\" srcset=\"https:\/\/florian-schreibt.de\/wp-content\/uploads\/2024\/11\/ZwiefaltenKirche3-771x1024.webp ,https:\/\/florian-schreibt.de\/wp-content\/uploads\/2024\/11\/ZwiefaltenKirche3.jpg 780w, https:\/\/florian-schreibt.de\/wp-content\/uploads\/2024\/11\/ZwiefaltenKirche3.jpg 360w\" sizes=\"auto, (max-width: 480px) 150px\" src=\"https:\/\/florian-schreibt.de\/wp-content\/uploads\/2024\/11\/ZwiefaltenKirche3-771x1024.webp\" alt=\"Florians Reise \u2013 Mosaik \u2013 Zwiefalten im Herbst \u2013 Stiller Prunk in flie\u00dfenden Wassern\" class=\"uag-image-4638\" width=\"750\" height=\"996\" title=\"ZwiefaltenKirche3\" loading=\"lazy\" role=\"img\"\/><\/figure><\/div>\n\n\n\n<p style=\"margin-top:var(--wp--preset--spacing--50)\"><strong>Para m\u00ed, este poder visual y el asombro que se siente son palpables<\/strong>.<\/p>\n\n\n\n<p>T\u00f3mese un momento para disfrutar de la paz y la tranquilidad y empaparse de la belleza que le rodea.<\/p>\n\n\n\n<p>La iglesia abacial de Zwiefalten es m\u00e1s que un edificio.<\/p>\n\n\n\n<p>Es un lugar de historia, arte y espiritualidad.<\/p>\n\n\n\n<p>Aqu\u00ed podr\u00e1 escapar del ajetreo de la vida cotidiana y simplemente ser.<\/p>\n\n\n\n<div class=\"wp-block-uagb-image uagb-block-ebcc12bc wp-block-uagb-image--layout-default wp-block-uagb-image--effect-static wp-block-uagb-image--align-none\"><figure class=\"wp-block-uagb-image__figure\"><img decoding=\"async\" srcset=\"https:\/\/florian-schreibt.de\/wp-content\/uploads\/2024\/11\/ZwiefaltenKirche5-771x1024.webp ,https:\/\/florian-schreibt.de\/wp-content\/uploads\/2024\/11\/ZwiefaltenKirche5.jpg 780w, https:\/\/florian-schreibt.de\/wp-content\/uploads\/2024\/11\/ZwiefaltenKirche5.jpg 360w\" sizes=\"auto, (max-width: 480px) 150px\" src=\"https:\/\/florian-schreibt.de\/wp-content\/uploads\/2024\/11\/ZwiefaltenKirche5-771x1024.webp\" alt=\"Florians Reise \u2013 Mosaik \u2013 Zwiefalten im Herbst \u2013 Stiller Prunk in flie\u00dfenden Wassern\" class=\"uag-image-4643\" width=\"904\" height=\"1200\" title=\"ZwiefaltenKirche5\" loading=\"lazy\" role=\"img\"\/><\/figure><\/div>\n\n\n\n<p>Cuando est\u00e9 all\u00ed, como ya se ha dicho, t\u00f3mese su tiempo, disfrute de las vistas, explore las pinturas y las esculturas.<\/p>\n\n\n\n<p>Experimente la impresi\u00f3n de este impresionante edificio en un lugar donde nunca esperar\u00eda encontrar nada parecido.<\/p>\n\n\n\n<p>Por supuesto, hay iglesias a\u00fan m\u00e1s grandes y con m\u00e1s esplendor. Pero creo que este lugar ha creado una armon\u00eda espiritual m\u00e1gica con sus colores, su esplendor y las numerosas obras de arte que se han reunido, que hay que experimentar. <\/p>\n\n\n\n<p>Seas cristiano creyente o no. \ud83d\ude4f<\/p>\n\n\n\n<div class=\"wp-block-uagb-image uagb-block-59e6cf46 wp-block-uagb-image--layout-default wp-block-uagb-image--effect-static wp-block-uagb-image--align-none\"><figure class=\"wp-block-uagb-image__figure\"><img decoding=\"async\" srcset=\"https:\/\/florian-schreibt.de\/wp-content\/uploads\/2024\/11\/ZwiefaltenKirche6-771x1024.webp ,https:\/\/florian-schreibt.de\/wp-content\/uploads\/2024\/11\/ZwiefaltenKirche6-jpg.webp 780w, https:\/\/florian-schreibt.de\/wp-content\/uploads\/2024\/11\/ZwiefaltenKirche6-jpg.webp 360w\" sizes=\"auto, (max-width: 480px) 150px\" src=\"https:\/\/florian-schreibt.de\/wp-content\/uploads\/2024\/11\/ZwiefaltenKirche6-771x1024.webp\" alt=\"Florians Reise \u2013 Mosaik \u2013 Zwiefalten im Herbst \u2013 Stiller Prunk in flie\u00dfenden Wassern\" class=\"uag-image-4648\" width=\"904\" height=\"1200\" title=\"ZwiefaltenKirche6\" loading=\"lazy\" role=\"img\"\/><\/figure><\/div>\n\n\n\n<p style=\"margin-top:var(--wp--preset--spacing--50)\">En mi opini\u00f3n, eso no influye, sino la sensaci\u00f3n de un mundo espiritual radiante que te dan all\u00ed.<\/p>\n\n\n\n<p>Desgraciadamente, no tuve la oportunidad de vivir la iglesia con m\u00fasica, desde el impresionante \u00f3rgano o cantando.  <\/p>\n\n\n\n<p>Pero con estas impresiones, sin duda har\u00e1 que la imagen global sea a\u00fan m\u00e1s perfecta.<\/p>\n\n\n\n<div class=\"wp-block-uagb-image uagb-block-2e66d33b wp-block-uagb-image--layout-default wp-block-uagb-image--effect-static wp-block-uagb-image--align-none\"><figure class=\"wp-block-uagb-image__figure\"><img decoding=\"async\" srcset=\"https:\/\/florian-schreibt.de\/wp-content\/uploads\/2024\/11\/ZwiefaltenKirche4-771x1024.webp ,https:\/\/florian-schreibt.de\/wp-content\/uploads\/2024\/11\/ZwiefaltenKirche4-jpg.webp 780w, https:\/\/florian-schreibt.de\/wp-content\/uploads\/2024\/11\/ZwiefaltenKirche4-jpg.webp 360w\" sizes=\"auto, (max-width: 480px) 150px\" src=\"https:\/\/florian-schreibt.de\/wp-content\/uploads\/2024\/11\/ZwiefaltenKirche4-771x1024.webp\" alt=\"Florians Reise \u2013 Mosaik \u2013 Zwiefalten im Herbst \u2013 Stiller Prunk in flie\u00dfenden Wassern\" class=\"uag-image-4653\" width=\"904\" height=\"1200\" title=\"ZwiefaltenKirche4\" loading=\"lazy\" role=\"img\"\/><\/figure><\/div>\n\n\n\n<p style=\"margin-top:var(--wp--preset--spacing--50)\"><strong>Por algo he llamado al edificio el esplendor silencioso del t\u00edtulo.<\/strong><\/p>\n\n\n\n<p>Sientes paz y tranquilidad en todas partes y puedes disfrutar de ello.<\/p>\n\n\n\n<p><strong>Pero el poder visual de la iglesia y las impresiones que se obtienen pueden ser ensordecedoras e impactantes.<\/strong><\/p>\n\n\n\n<h3 class=\"wp-block-heading\">&#8230; en las aguas corrientes<\/h3>\n\n\n\n<p>Si ahora queremos recuperarnos un poco de las impresiones masivas de la iglesia del monasterio, lo mejor es hacerlo en el extenso parque circundante y en los senderos y bosques vecinos.<\/p>\n\n\n\n<div class=\"wp-block-uagb-image uagb-block-7ff81aef wp-block-uagb-image--layout-default wp-block-uagb-image--effect-static wp-block-uagb-image--align-none\"><figure class=\"wp-block-uagb-image__figure\"><img decoding=\"async\" srcset=\"https:\/\/florian-schreibt.de\/wp-content\/uploads\/2024\/11\/ZwiefaltenPark1-1024x768.webp ,https:\/\/florian-schreibt.de\/wp-content\/uploads\/2024\/11\/ZwiefaltenPark1.jpg 780w, https:\/\/florian-schreibt.de\/wp-content\/uploads\/2024\/11\/ZwiefaltenPark1.jpg 360w\" sizes=\"auto, (max-width: 480px) 150px\" src=\"https:\/\/florian-schreibt.de\/wp-content\/uploads\/2024\/11\/ZwiefaltenPark1-1024x768.webp\" alt=\"Florians Reise \u2013 Mosaik \u2013 Zwiefalten im Herbst \u2013 Stiller Prunk in flie\u00dfenden Wassern\" class=\"uag-image-4658\" width=\"1200\" height=\"900\" title=\"ZwiefaltenPark1\" loading=\"lazy\" role=\"img\"\/><\/figure><\/div>\n\n\n\n<p style=\"margin-top:var(--wp--preset--spacing--50)\">Especialmente en oto\u00f1o, el parque es el lugar perfecto para relajarse y desconectar.<\/p>\n\n\n\n<p>Los viejos \u00e1rboles dan sombra mientras te sientas en un banco a escuchar a los p\u00e1jaros \ud83d\ude42 .<\/p>\n\n\n\n<p>Las coloridas hojas en todos los tonos de amarillo, naranja y rojo tambi\u00e9n crean una colorida estampa oto\u00f1al.<\/p>\n\n\n\n<p>Al pasear por el cuidado parque, se puede imaginar el ambiente de la \u00e9poca.  <\/p>\n\n\n\n<div class=\"wp-block-uagb-image uagb-block-b018d3f9 wp-block-uagb-image--layout-default wp-block-uagb-image--effect-static wp-block-uagb-image--align-none\"><figure class=\"wp-block-uagb-image__figure\"><img decoding=\"async\" srcset=\"https:\/\/florian-schreibt.de\/wp-content\/uploads\/2024\/11\/ZwiefaltenPark2-768x1024.webp ,https:\/\/florian-schreibt.de\/wp-content\/uploads\/2024\/11\/ZwiefaltenPark2.jpg 780w, https:\/\/florian-schreibt.de\/wp-content\/uploads\/2024\/11\/ZwiefaltenPark2.jpg 360w\" sizes=\"auto, (max-width: 480px) 150px\" src=\"https:\/\/florian-schreibt.de\/wp-content\/uploads\/2024\/11\/ZwiefaltenPark2-768x1024.webp\" alt=\"Florians Reise \u2013 Mosaik \u2013 Zwiefalten im Herbst \u2013 Stiller Prunk in flie\u00dfenden Wassern\" class=\"uag-image-4663\" width=\"900\" height=\"1200\" title=\"ZwiefaltenPark2\" loading=\"lazy\" role=\"img\"\/><\/figure><\/div>\n\n\n\n<p style=\"margin-top:var(--wp--preset--spacing--50)\">Tu mente se traslada a la \u00e9poca en que los monjes paseaban por aqu\u00ed y reflexionaban sobre Dios y el mundo, c\u00f3mo discut\u00edan aspectos de sus traducciones e intercambiaban opiniones.<\/p>\n\n\n\n<div class=\"wp-block-uagb-image uagb-block-451564eb wp-block-uagb-image--layout-default wp-block-uagb-image--effect-static wp-block-uagb-image--align-none\"><figure class=\"wp-block-uagb-image__figure\"><img decoding=\"async\" srcset=\"https:\/\/florian-schreibt.de\/wp-content\/uploads\/2024\/11\/ZwiefaltenPark4-1024x768.webp ,https:\/\/florian-schreibt.de\/wp-content\/uploads\/2024\/11\/ZwiefaltenPark4.jpg 780w, https:\/\/florian-schreibt.de\/wp-content\/uploads\/2024\/11\/ZwiefaltenPark4.jpg 360w\" sizes=\"auto, (max-width: 480px) 150px\" src=\"https:\/\/florian-schreibt.de\/wp-content\/uploads\/2024\/11\/ZwiefaltenPark4-1024x768.webp\" alt=\"Florians Reise \u2013 Mosaik \u2013 Zwiefalten im Herbst \u2013 Stiller Prunk in flie\u00dfenden Wassern\" class=\"uag-image-4673\" width=\"1200\" height=\"900\" title=\"ZwiefaltenPark4\" loading=\"lazy\" role=\"img\"\/><\/figure><\/div>\n\n\n\n<p style=\"margin-top:var(--wp--preset--spacing--50)\">Los t\u00edpicos muros y edificios antiguos que rodean el parque hablan de una larga historia de la que han sido testigos a lo largo de los siglos.<\/p>\n\n\n\n<div class=\"wp-block-uagb-image uagb-block-01bfac43 wp-block-uagb-image--layout-default wp-block-uagb-image--effect-static wp-block-uagb-image--align-none\"><figure class=\"wp-block-uagb-image__figure\"><img decoding=\"async\" srcset=\"https:\/\/florian-schreibt.de\/wp-content\/uploads\/2024\/11\/ZwiefaltenPark3-1024x768.webp ,https:\/\/florian-schreibt.de\/wp-content\/uploads\/2024\/11\/ZwiefaltenPark3.jpg 780w, https:\/\/florian-schreibt.de\/wp-content\/uploads\/2024\/11\/ZwiefaltenPark3.jpg 360w\" sizes=\"auto, (max-width: 480px) 150px\" src=\"https:\/\/florian-schreibt.de\/wp-content\/uploads\/2024\/11\/ZwiefaltenPark3-1024x768.webp\" alt=\"Florians Reise \u2013 Mosaik \u2013 Zwiefalten im Herbst \u2013 Stiller Prunk in flie\u00dfenden Wassern\" class=\"uag-image-4668\" width=\"1200\" height=\"900\" title=\"ZwiefaltenPark3\" loading=\"lazy\" role=\"img\"\/><\/figure><\/div>\n\n\n\n<p style=\"margin-top:var(--wp--preset--spacing--50)\">Simplemente si\u00e9ntate y disfruta de la tranquilidad de este lugar en su totalidad. \ud83d\ude0e<\/p>\n\n\n\n<p>Por cierto, tambi\u00e9n me gustar\u00eda informarle de que Zwiefalten tambi\u00e9n es conocida por su m\u00fasica eclesi\u00e1stica y sus cr\u00f3nicas.  <\/p>\n\n\n\n<p>No dude en estudiarlos si le interesan.<\/p>\n\n\n\n<h3 class=\"wp-block-heading\">La cervecer\u00eda del monasterio de Zwiefalten<\/h3>\n\n\n\n<p>La antigua vida mon\u00e1stica alemana no es posible sin cerveza, y as\u00ed es en Zwiefalten.<\/p>\n\n\n\n<div class=\"wp-block-uagb-image uagb-block-2613b7c9 wp-block-uagb-image--layout-default wp-block-uagb-image--effect-static wp-block-uagb-image--align-none\"><figure class=\"wp-block-uagb-image__figure\"><img decoding=\"async\" srcset=\"https:\/\/florian-schreibt.de\/wp-content\/uploads\/2024\/11\/ZwiefaltenK1-1024x768.webp ,https:\/\/florian-schreibt.de\/wp-content\/uploads\/2024\/11\/ZwiefaltenK1-jpg.webp 780w, https:\/\/florian-schreibt.de\/wp-content\/uploads\/2024\/11\/ZwiefaltenK1-jpg.webp 360w\" sizes=\"auto, (max-width: 480px) 150px\" src=\"https:\/\/florian-schreibt.de\/wp-content\/uploads\/2024\/11\/ZwiefaltenK1-1024x768.webp\" alt=\"Florians Reise \u2013 Mosaik \u2013 Zwiefalten im Herbst \u2013 Stiller Prunk in flie\u00dfenden Wassern\" class=\"uag-image-4678\" width=\"1200\" height=\"900\" title=\"ZwiefaltenK1\" loading=\"lazy\" role=\"img\"\/><\/figure><\/div>\n\n\n\n<p style=\"margin-top:var(--wp--preset--spacing--50)\">La cervecer\u00eda del monasterio de Zwiefalten es una aut\u00e9ntica instituci\u00f3n en el Alb suabo y es conocida mucho m\u00e1s all\u00e1 por sus cervezas de alta calidad.<\/p>\n\n\n\t\t\t<div \n\t\t\tclass=\"wp-block-uagb-google-map uagb-google-map__wrap uagb-block-f1f111cd     \"\n\t\t\tstyle=\"\" >\n\t\t\t\t<embed\n\t\t\t\t\tclass=\"uagb-google-map__iframe\"\n\t\t\t\t\ttitle=\"Mapa de Google de\"\n\t\t\t\t\tsrc=\"https:\/\/maps.google.com\/maps?q=zwiefalter%20klosterbr%C3%A4u&#038;z=12&#038;hl=en&#038;t=m&#038;output=embed&#038;iwloc=near\"\n\t\t\t\t\twidth=\"640\"\n\t\t\t\t\theight=\"300\"\n\t\t\t\t\tloading=\"lazy\"\n\t\t\t\t><\/embed>\n\t\t\t<\/div>\n\t\t\t\n\n\n<p style=\"margin-top:var(--wp--preset--spacing--50)\">La historia de la cervecer\u00eda se remonta a 1521, cuando los monjes benedictinos de la abad\u00eda de Zwiefalten comenzaron a fabricar cerveza.<\/p>\n\n\n\n<p>Hoy en d\u00eda, la cervecer\u00eda sigue utilizando m\u00e9todos tradicionales, haciendo hincapi\u00e9 en la calidad de los ingredientes y en los muchos a\u00f1os de experiencia de los maestros cerveceros.<\/p>\n\n\n\n<p>Yo mismo bebo cerveza espor\u00e1dicamente. Pero si me apetece, sin duda la cerveza Zwiefalter forma parte de mi c\u00edrculo \u00edntimo. \ud83d\ude0b<\/p>\n\n\n\n<div class=\"wp-block-uagb-image uagb-block-2576f2b8 wp-block-uagb-image--layout-default wp-block-uagb-image--effect-static wp-block-uagb-image--align-none\"><figure class=\"wp-block-uagb-image__figure\"><img decoding=\"async\" srcset=\"https:\/\/florian-schreibt.de\/wp-content\/uploads\/2024\/11\/ZwiefaltenK2-1024x780.webp ,https:\/\/florian-schreibt.de\/wp-content\/uploads\/2024\/11\/ZwiefaltenK2-jpg.webp 780w, https:\/\/florian-schreibt.de\/wp-content\/uploads\/2024\/11\/ZwiefaltenK2-jpg.webp 360w\" sizes=\"auto, (max-width: 480px) 150px\" src=\"https:\/\/florian-schreibt.de\/wp-content\/uploads\/2024\/11\/ZwiefaltenK2-1024x780.webp\" alt=\"Florians Reise \u2013 Mosaik \u2013 Zwiefalten im Herbst \u2013 Stiller Prunk in flie\u00dfenden Wassern\" class=\"uag-image-4683\" width=\"1200\" height=\"914\" title=\"ZwiefaltenK2\" loading=\"lazy\" role=\"img\"\/><\/figure><\/div>\n\n\n\n<p style=\"margin-top:var(--wp--preset--spacing--50)\">El sabor en s\u00ed es, por supuesto, individual. Pero yo aprecio las cervezas bebibles, no demasiado amargas, elaboradas con ingredientes regionales. Y aqu\u00ed, en Alb, rodeados de campos y zonas de cultivo, las tenemos.  <\/p>\n\n\n\n<p>La gama de la Klosterbrauerei tambi\u00e9n es variada y ofrece la cerveza adecuada para cada gusto. Desde cervezas claras cl\u00e1sicas hasta especialidades oscuras y creaciones de temporada, hay algo para todos los gustos. <\/p>\n\n\n\n<p>Participe en una cata de cerveza y pru\u00e9bela. Aqu\u00ed est\u00e1 el sitio web: <\/p>\n\n\n\n<figure class=\"wp-block-embed is-type-wp-embed is-provider-zwiefalter-klosterbr-u wp-block-embed-zwiefalter-klosterbr-u\"><div class=\"wp-block-embed__wrapper\">\n<blockquote class=\"wp-embedded-content\" data-secret=\"oB6i64ID3E\"><a href=\"https:\/\/www.zwiefalter.de\/\" target=\"_blank\" rel=\"noopener\">Startseite<\/a><\/blockquote><iframe loading=\"lazy\" class=\"wp-embedded-content\" sandbox=\"allow-scripts\" security=\"restricted\" style=\"position: absolute; visibility: hidden;\" title=\"&#8222;Startseite&#8220; &#8212; Zwiefalter Klosterbr\u00e4u\" src=\"https:\/\/www.zwiefalter.de\/embed\/#?secret=oB6i64ID3E\" data-secret=\"oB6i64ID3E\" width=\"500\" height=\"282\" frameborder=\"0\" marginwidth=\"0\" marginheight=\"0\" scrolling=\"no\"><\/iframe>\n<\/div><\/figure>\n\n\n\n<div class=\"wp-block-uagb-image uagb-block-26cb5f79 wp-block-uagb-image--layout-default wp-block-uagb-image--effect-static wp-block-uagb-image--align-none\"><figure class=\"wp-block-uagb-image__figure\"><img decoding=\"async\" srcset=\"https:\/\/florian-schreibt.de\/wp-content\/uploads\/2024\/11\/ZwiefaltenK5-1024x768.webp ,https:\/\/florian-schreibt.de\/wp-content\/uploads\/2024\/11\/ZwiefaltenK5-jpg.webp 780w, https:\/\/florian-schreibt.de\/wp-content\/uploads\/2024\/11\/ZwiefaltenK5-jpg.webp 360w\" sizes=\"auto, (max-width: 480px) 150px\" src=\"https:\/\/florian-schreibt.de\/wp-content\/uploads\/2024\/11\/ZwiefaltenK5-1024x768.webp\" alt=\"Florians Reise \u2013 Mosaik \u2013 Zwiefalten im farbenfrohen Herbst 2024 \u2013 Stiller Prunk in flie\u00dfenden Wassern\" class=\"uag-image-4717\" width=\"1200\" height=\"900\" title=\"ZwiefaltenK5\" loading=\"lazy\" role=\"img\"\/><\/figure><\/div>\n\n\n\n<p style=\"margin-top:var(--wp--preset--spacing--50)\">Tambi\u00e9n hice una de las famosas visitas guiadas a la f\u00e1brica de cerveza. Fue muy emocionante ver la f\u00e1brica de cerveza por dentro y que te contaran c\u00f3mo funciona todo el proceso en la realidad. <\/p>\n\n\n\n<h2 class=\"wp-block-heading\">Consejos para su viaje<\/h2>\n\n\n\n<p>He aqu\u00ed algunos consejos personales para usted y su visita a Zwiefalten.<\/p>\n\n\n\n<h3 class=\"wp-block-heading\">El para\u00edso cervecero de Zwiefalten<\/h3>\n\n\n\n<p>Si quiere verlo as\u00ed, la cervecer\u00eda tiene dos escaparates al exterior, uno de los cuales es el para\u00edso de la cerveza.<\/p>\n\n\n\n<p>Se trata de una interesante tienda situada en el centro de la ciudad, en diagonal frente a la f\u00e1brica de cerveza.<\/p>\n\n\n\n<div class=\"wp-block-uagb-image uagb-block-6a7c57a7 wp-block-uagb-image--layout-default wp-block-uagb-image--effect-static wp-block-uagb-image--align-none\"><figure class=\"wp-block-uagb-image__figure\"><img decoding=\"async\" srcset=\"https:\/\/florian-schreibt.de\/wp-content\/uploads\/2024\/11\/ZwiefaltenK3-1024x771.webp ,https:\/\/florian-schreibt.de\/wp-content\/uploads\/2024\/11\/ZwiefaltenK3-jpg.webp 780w, https:\/\/florian-schreibt.de\/wp-content\/uploads\/2024\/11\/ZwiefaltenK3-jpg.webp 360w\" sizes=\"auto, (max-width: 480px) 150px\" src=\"https:\/\/florian-schreibt.de\/wp-content\/uploads\/2024\/11\/ZwiefaltenK3-1024x771.webp\" alt=\"Florians Reise \u2013 Mosaik \u2013 Zwiefalten im Herbst \u2013 Stiller Prunk in flie\u00dfenden Wassern\" class=\"uag-image-4688\" width=\"1200\" height=\"904\" title=\"ZwiefaltenK3\" loading=\"lazy\" role=\"img\"\/><\/figure><\/div>\n\n\n\n<p style=\"margin-top:var(--wp--preset--spacing--50)\">Lo que me parece apasionante del beer heaven es la conexi\u00f3n entre los conceptos \ud83d\ude09.<\/p>\n\n\n\n<p>Est\u00e1 dise\u00f1ado para funcionar como una combinaci\u00f3n de f\u00e1brica de cerveza de exposici\u00f3n, tienda agr\u00edcola y cervecer\u00eda al aire libre.<\/p>\n\n\n\t\t\t<div \n\t\t\tclass=\"wp-block-uagb-google-map uagb-google-map__wrap uagb-block-7596b266     \"\n\t\t\tstyle=\"\" >\n\t\t\t\t<embed\n\t\t\t\t\tclass=\"uagb-google-map__iframe\"\n\t\t\t\t\ttitle=\"Mapa de Google de\"\n\t\t\t\t\tsrc=\"https:\/\/maps.google.com\/maps?q=Bierhimmel%20Zwiefalten&#038;z=12&#038;hl=en&#038;t=m&#038;output=embed&#038;iwloc=near\"\n\t\t\t\t\twidth=\"640\"\n\t\t\t\t\theight=\"300\"\n\t\t\t\t\tloading=\"lazy\"\n\t\t\t\t><\/embed>\n\t\t\t<\/div>\n\t\t\t\n\n\n<p style=\"margin-top:var(--wp--preset--spacing--50)\">Por supuesto, podr\u00e1 degustar y comprar cerveza all\u00ed y echar un vistazo a la f\u00e1brica de cerveza de la muestra,  <\/p>\n\n\n\n<p style=\"margin-top:var(--wp--preset--spacing--50)\">Rel\u00e1jese en la cervecer\u00eda al aire libre y compre, adem\u00e1s de cerveza, buenos productos locales de la regi\u00f3n.<\/p>\n\n\n\n<p>Hay muchas cosas bonitas all\u00ed, echa un vistazo.<\/p>\n\n\n\n<h3 class=\"wp-block-heading\">El bar cervecer\u00eda<\/h3>\n\n\n\n<p>Al otro lado est\u00e1 el pub de la cervecer\u00eda.<\/p>\n\n\n\n<div class=\"wp-block-uagb-image uagb-block-d314cbe4 wp-block-uagb-image--layout-default wp-block-uagb-image--effect-static wp-block-uagb-image--align-none\"><figure class=\"wp-block-uagb-image__figure\"><img decoding=\"async\" srcset=\"https:\/\/florian-schreibt.de\/wp-content\/uploads\/2024\/11\/ZwiefaltenK4-1024x768.webp ,https:\/\/florian-schreibt.de\/wp-content\/uploads\/2024\/11\/ZwiefaltenK4-jpg.webp 780w, https:\/\/florian-schreibt.de\/wp-content\/uploads\/2024\/11\/ZwiefaltenK4-jpg.webp 360w\" sizes=\"auto, (max-width: 480px) 150px\" src=\"https:\/\/florian-schreibt.de\/wp-content\/uploads\/2024\/11\/ZwiefaltenK4-1024x768.webp\" alt=\"Florians Reise \u2013 Mosaik \u2013 Zwiefalten im Herbst \u2013 Stiller Prunk in flie\u00dfenden Wassern\" class=\"uag-image-4693\" width=\"1200\" height=\"900\" title=\"ZwiefaltenK4\" loading=\"lazy\" role=\"img\"\/><\/figure><\/div>\n\n\n\n<p style=\"margin-top:var(--wp--preset--spacing--50)\">Tambi\u00e9n en este caso puedo hacer una recomendaci\u00f3n clara.<\/p>\n\n\n\t\t\t<div \n\t\t\tclass=\"wp-block-uagb-google-map uagb-google-map__wrap uagb-block-08bda978     \"\n\t\t\tstyle=\"\" >\n\t\t\t\t<embed\n\t\t\t\t\tclass=\"uagb-google-map__iframe\"\n\t\t\t\t\ttitle=\"Mapa de Google de\"\n\t\t\t\t\tsrc=\"https:\/\/maps.google.com\/maps?q=brauergastst%C3%A4tte%20zwiefalten&#038;z=12&#038;hl=en&#038;t=m&#038;output=embed&#038;iwloc=near\"\n\t\t\t\t\twidth=\"640\"\n\t\t\t\t\theight=\"300\"\n\t\t\t\t\tloading=\"lazy\"\n\t\t\t\t><\/embed>\n\t\t\t<\/div>\n\t\t\t\n\n\n<p style=\"margin-top:var(--wp--preset--spacing--50)\">El restaurante sirve buena comida tradicional suaba de excelente calidad.<\/p>\n\n\n\n<div class=\"wp-block-uagb-image uagb-block-5f7e36b9 wp-block-uagb-image--layout-default wp-block-uagb-image--effect-static wp-block-uagb-image--align-none\"><figure class=\"wp-block-uagb-image__figure\"><img decoding=\"async\" srcset=\"https:\/\/florian-schreibt.de\/wp-content\/uploads\/2024\/11\/ZwiefaltenK3-1-1024x848.webp ,https:\/\/florian-schreibt.de\/wp-content\/uploads\/2024\/11\/ZwiefaltenK3-1-jpg.webp 780w, https:\/\/florian-schreibt.de\/wp-content\/uploads\/2024\/11\/ZwiefaltenK3-1-jpg.webp 360w\" sizes=\"auto, (max-width: 480px) 150px\" src=\"https:\/\/florian-schreibt.de\/wp-content\/uploads\/2024\/11\/ZwiefaltenK3-1-1024x848.webp\" alt=\"Florians Reise \u2013 Mosaik \u2013 Zwiefalten im farbenfrohen Herbst 2024 \u2013 Stiller Prunk in flie\u00dfenden Wassern\" class=\"uag-image-4712\" width=\"1200\" height=\"994\" title=\"ZwiefaltenK3\" loading=\"lazy\" role=\"img\"\/><\/figure><\/div>\n\n\n\n<p style=\"margin-top:var(--wp--preset--spacing--50)\">El ambiente tradicional del interior se ha combinado bien con elementos modernos.<\/p>\n\n\n\n<p>Si quieres salir a comer algo delicioso, tambi\u00e9n puedes hacerlo in situ.<\/p>\n\n\n\n<h3 class=\"wp-block-heading\">Hoteles<\/h3>\n\n\n\n<p>Zwiefalten y sus alrededores, en el Alb suabo, ofrecen muchos lugares agradables para pasar la noche.<\/p>\n\n\n\n<p>Las grandes cadenas no est\u00e1n presentes aqu\u00ed, hay m\u00e1s hospitalidad local.<\/p>\n\n\n\n<p>Pero si le gusta lo acogedor y familiar, hay muchos lugares agradables donde pasar la noche.<\/p>\n\n\n\n<p>Gracias por su atenci\u00f3n y compa\u00f1\u00eda en nuestro recorrido por las aguas corrientes.<\/p>\n\n\n\n<p>Buen viaje y muchos descubrimientos \ud83d\ude04<\/p>\n\n\n\n<p>le desea<\/p>\n\n\n\n<div class=\"wp-block-uagb-container uagb-block-070a73a7 alignfull uagb-is-root-container\"><div class=\"uagb-container-inner-blocks-wrap\">\n<p>Florian<\/p>\n\n\n\n<div class=\"wp-block-uagb-container uagb-block-0011dea0\">\n<div class=\"wp-block-uagb-container uagb-block-b1ec64ce\">\n<div class=\"wp-block-uagb-advanced-heading uagb-block-8f4ea5a0\"><h2 class=\"uagb-heading-text\">Mira a tu alrededor y s\u00edgueme  <\/h2><p class=\"uagb-desc-text\">Mi presencia en las redes sociales, mi libro electr\u00f3nico y datos interesantes sobre m\u00ed<\/p><\/div>\n<\/div>\n<\/div>\n\n\n\n<div class=\"wp-block-uagb-container uagb-block-83aa4dea\"><style>.wp-block-kadence-advancedbtn.kb-btns4727_9c8741-57{gap:var(--global-kb-gap-xs, 0.5rem );justify-content:center;align-items:center;}.kt-btns4727_9c8741-57 .kt-button{font-weight:normal;font-style:normal;}.kt-btns4727_9c8741-57 .kt-btn-wrap-0{margin-right:5px;}.wp-block-kadence-advancedbtn.kt-btns4727_9c8741-57 .kt-btn-wrap-0 .kt-button{color:#555555;border-color:#555555;}.wp-block-kadence-advancedbtn.kt-btns4727_9c8741-57 .kt-btn-wrap-0 .kt-button:hover, .wp-block-kadence-advancedbtn.kt-btns4727_9c8741-57 .kt-btn-wrap-0 .kt-button:focus{color:#ffffff;border-color:#444444;}.wp-block-kadence-advancedbtn.kt-btns4727_9c8741-57 .kt-btn-wrap-0 .kt-button::before{display:none;}.wp-block-kadence-advancedbtn.kt-btns4727_9c8741-57 .kt-btn-wrap-0 .kt-button:hover, .wp-block-kadence-advancedbtn.kt-btns4727_9c8741-57 .kt-btn-wrap-0 .kt-button:focus{background:#444444;}<\/style>\n<div class=\"wp-block-kadence-advancedbtn kb-buttons-wrap kb-btns4727_9c8741-57\"><style>ul.menu .wp-block-kadence-advancedbtn .kb-btn4727_7fa3b5-bc.kb-button{width:initial;}.wp-block-kadence-advancedbtn .kb-btn4727_7fa3b5-bc.kb-button{color:var(--ast-global-color-6);background:var(--ast-global-color-0);}.kb-btn4727_7fa3b5-bc.kb-button .kb-svg-icon-wrap{font-size:38px;--kb-button-icon-size:38px;}.kb-btn4727_7fa3b5-bc.kb-button .kt-btn-inner-text{display:none;}<\/style><a class=\"kb-button kt-button button kb-btn4727_7fa3b5-bc kt-btn-size-standard kt-btn-width-type-auto kb-btn-global-inherit  kt-btn-has-text-true kt-btn-has-svg-true  wp-block-button__link wp-block-kadence-singlebtn\" href=\"https:\/\/www.linkedin.com\/in\/florianwuerstlin\/\" target=\"_blank\" rel=\"noopener\"><span class=\"kt-btn-inner-text\">LinkedIn<\/span><span class=\"kb-svg-icon-wrap kb-svg-icon-fe_linkedin kt-btn-icon-side-right\"><svg viewBox=\"0 0 24 24\"  fill=\"none\" stroke=\"currentColor\" stroke-width=\"2\" stroke-linecap=\"round\" stroke-linejoin=\"round\" xmlns=\"http:\/\/www.w3.org\/2000\/svg\"  aria-hidden=\"true\"><path d=\"M16 8a6 6 0 0 1 6 6v7h-4v-7a2 2 0 0 0-2-2 2 2 0 0 0-2 2v7h-4v-7a6 6 0 0 1 6-6z\"\/><rect x=\"2\" y=\"9\" width=\"4\" height=\"12\"\/><circle cx=\"4\" cy=\"4\" r=\"2\"\/><\/svg><\/span><\/a>\n\n<style>ul.menu .wp-block-kadence-advancedbtn .kb-btn4727_eb35a6-b3.kb-button{width:initial;}.wp-block-kadence-advancedbtn .kb-btn4727_eb35a6-b3.kb-button{color:var(--ast-global-color-6);background:var(--ast-global-color-0);}.kb-btn4727_eb35a6-b3.kb-button .kb-svg-icon-wrap{font-size:38px;--kb-button-icon-size:38px;}.kb-btn4727_eb35a6-b3.kb-button .kt-btn-inner-text{display:none;}<\/style><a class=\"kb-button kt-button button kb-btn4727_eb35a6-b3 kt-btn-size-standard kt-btn-width-type-auto kb-btn-global-inherit  kt-btn-has-text-true kt-btn-has-svg-true  wp-block-button__link wp-block-kadence-singlebtn\" href=\"https:\/\/x.com\/fswuerstlin\"><span class=\"kt-btn-inner-text\">LinkedIn<\/span><span class=\"kb-svg-icon-wrap kb-svg-icon-ic_twitterX kt-btn-icon-side-right\"><svg viewBox=\"0 0 1200 1227\"  fill=\"currentColor\" xmlns=\"http:\/\/www.w3.org\/2000\/svg\"  aria-hidden=\"true\"><path d=\"M714.163 519.284L1160.89 0H1055.03L667.137 450.887L357.328 0H0L468.492 681.821L0 1226.37H105.866L515.491 750.218L842.672 1226.37H1200L714.137 519.284H714.163ZM569.165 687.828L521.697 619.934L144.011 79.6944H306.615L611.412 515.685L658.88 583.579L1055.08 1150.3H892.476L569.165 687.854V687.828Z\"\/><\/svg><\/span><\/a>\n\n<style>ul.menu .wp-block-kadence-advancedbtn .kb-btn4727_0dcc49-70.kb-button{width:initial;}.wp-block-kadence-advancedbtn .kb-btn4727_0dcc49-70.kb-button{color:var(--ast-global-color-6);background:var(--ast-global-color-0);}.kb-btn4727_0dcc49-70.kb-button .kb-svg-icon-wrap{font-size:38px;--kb-button-icon-size:38px;}.kb-btn4727_0dcc49-70.kb-button .kt-btn-inner-text{display:none;}<\/style><a class=\"kb-button kt-button button kb-btn4727_0dcc49-70 kt-btn-size-standard kt-btn-width-type-auto kb-btn-global-inherit  kt-btn-has-text-false kt-btn-has-svg-true  wp-block-button__link wp-block-kadence-singlebtn\" href=\"https:\/\/www.instagram.com\/florianwuerstlin\/\" target=\"_blank\" rel=\"noopener\"><span class=\"kb-svg-icon-wrap kb-svg-icon-fe_instagram kt-btn-icon-side-right\"><svg viewBox=\"0 0 24 24\"  fill=\"none\" stroke=\"currentColor\" stroke-width=\"2\" stroke-linecap=\"round\" stroke-linejoin=\"round\" xmlns=\"http:\/\/www.w3.org\/2000\/svg\"  aria-hidden=\"true\"><rect x=\"2\" y=\"2\" width=\"20\" height=\"20\" rx=\"5\" ry=\"5\"\/><path d=\"M16 11.37A4 4 0 1 1 12.63 8 4 4 0 0 1 16 11.37z\"\/><line x1=\"17.5\" y1=\"6.5\" x2=\"17.5\" y2=\"6.5\"\/><\/svg><\/span><\/a>\n\n<style>ul.menu .wp-block-kadence-advancedbtn .kb-btn4727_e50df2-4b.kb-button{width:initial;}.wp-block-kadence-advancedbtn .kb-btn4727_e50df2-4b.kb-button{color:var(--ast-global-color-6);background:var(--ast-global-color-0);}.kb-btn4727_e50df2-4b.kb-button .kb-svg-icon-wrap{font-size:38px;--kb-button-icon-size:38px;}.kb-btn4727_e50df2-4b.kb-button .kt-btn-inner-text{display:none;}<\/style><a class=\"kb-button kt-button button kb-btn4727_e50df2-4b kt-btn-size-standard kt-btn-width-type-auto kb-btn-global-inherit  kt-btn-has-text-false kt-btn-has-svg-true  wp-block-button__link wp-block-kadence-singlebtn\" href=\"https:\/\/www.facebook.com\/floqo\" target=\"_blank\" rel=\"noopener\"><span class=\"kb-svg-icon-wrap kb-svg-icon-fa_facebook-n kt-btn-icon-side-right\"><svg viewBox=\"0 0 512 512\"  fill=\"currentColor\" xmlns=\"http:\/\/www.w3.org\/2000\/svg\"  aria-hidden=\"true\"><path d=\"M504 256C504 119 393 8 256 8S8 119 8 256c0 123.78 90.69 226.38 209.25 245V327.69h-63V256h63v-54.64c0-62.15 37-96.48 93.67-96.48 27.14 0 55.52 4.84 55.52 4.84v61h-31.28c-30.8 0-40.41 19.12-40.41 38.73V256h68.78l-11 71.69h-57.78V501C413.31 482.38 504 379.78 504 256z\"\/><\/svg><\/span><\/a>\n\n<style>ul.menu .wp-block-kadence-advancedbtn .kb-btn4727_c4b2c4-ad.kb-button{width:initial;}.wp-block-kadence-advancedbtn .kb-btn4727_c4b2c4-ad.kb-button{color:var(--ast-global-color-6);background:var(--ast-global-color-0);}.kb-btn4727_c4b2c4-ad.kb-button .kb-svg-icon-wrap{font-size:38px;--kb-button-icon-size:38px;}.kb-btn4727_c4b2c4-ad.kb-button .kt-btn-inner-text{display:none;}<\/style><a class=\"kb-button kt-button button kb-btn4727_c4b2c4-ad kt-btn-size-standard kt-btn-width-type-auto kb-btn-global-inherit  kt-btn-has-text-false kt-btn-has-svg-true  wp-block-button__link wp-block-kadence-singlebtn\" href=\"https:\/\/www.youtube.com\/@florian-schreibt\/videos\" target=\"_blank\" rel=\"noopener\"><span class=\"kb-svg-icon-wrap kb-svg-icon-fe_youtube kt-btn-icon-side-right\"><svg viewBox=\"0 0 24 24\"  fill=\"none\" stroke=\"currentColor\" stroke-width=\"2\" stroke-linecap=\"round\" stroke-linejoin=\"round\" xmlns=\"http:\/\/www.w3.org\/2000\/svg\"  aria-hidden=\"true\"><path d=\"M22.54 6.42a2.78 2.78 0 0 0-1.94-2C18.88 4 12 4 12 4s-6.88 0-8.6.46a2.78 2.78 0 0 0-1.94 2A29 29 0 0 0 1 11.75a29 29 0 0 0 .46 5.33A2.78 2.78 0 0 0 3.4 19c1.72.46 8.6.46 8.6.46s6.88 0 8.6-.46a2.78 2.78 0 0 0 1.94-2 29 29 0 0 0 .46-5.25 29 29 0 0 0-.46-5.33z\"\/><polygon points=\"9.75 15.02 15.5 11.75 9.75 8.48 9.75 15.02\"\/><\/svg><\/span><\/a>\n\n<style>ul.menu .wp-block-kadence-advancedbtn .kb-btn4727_702d28-d7.kb-button{width:initial;}.wp-block-kadence-advancedbtn .kb-btn4727_702d28-d7.kb-button{color:var(--ast-global-color-6);background:var(--ast-global-color-0);}.kb-btn4727_702d28-d7.kb-button .kb-svg-icon-wrap{font-size:38px;--kb-button-icon-size:38px;}.kb-btn4727_702d28-d7.kb-button .kt-btn-inner-text{display:none;}<\/style><a class=\"kb-button kt-button button kb-btn4727_702d28-d7 kt-btn-size-standard kt-btn-width-type-auto kb-btn-global-inherit  kt-btn-has-text-false kt-btn-has-svg-true  wp-block-button__link wp-block-kadence-singlebtn\" href=\"http:\/\/tiktok.com\/@florian.wuerstlin\" target=\"_blank\" rel=\"noopener\"><span class=\"kb-svg-icon-wrap kb-svg-icon-fe_tiktok kt-btn-icon-side-right\"><svg viewBox=\"0 0 34 32\"  fill=\"none\" stroke=\"currentColor\" stroke-width=\"2\" stroke-linecap=\"round\" stroke-linejoin=\"round\" xmlns=\"http:\/\/www.w3.org\/2000\/svg\"  aria-hidden=\"true\"><path d=\"M16.707.027C18.454 0 20.187.014 21.92 0c.107 2.04.84 4.12 2.333 5.56 1.493 1.48 3.6 2.16 5.653 2.387v5.373c-1.92-.067-3.853-.467-5.6-1.293-.76-.347-1.467-.787-2.16-1.24-.013 3.893.013 7.787-.027 11.667-.107 1.867-.72 3.72-1.8 5.253-1.747 2.56-4.773 4.227-7.88 4.28-1.907.107-3.813-.413-5.44-1.373-2.693-1.587-4.587-4.493-4.867-7.613a24.42 24.42 0 01-.013-1.987 10.004 10.004 0 013.44-6.613c2.213-1.92 5.307-2.84 8.2-2.293.027 1.973-.053 3.947-.053 5.92-1.32-.427-2.867-.307-4.027.493a4.631 4.631 0 00-1.813 2.333c-.28.68-.2 1.427-.187 2.147.32 2.187 2.427 4.027 4.667 3.827 1.493-.013 2.92-.88 3.693-2.147.253-.44.533-.893.547-1.413.133-2.387.08-4.76.093-7.147.013-5.373-.013-10.733.027-16.093z\"\/><\/svg><\/span><\/a><\/div>\n<\/div>\n\n\n\n<div class=\"wp-block-uagb-container uagb-block-bc55411d\"><\/div>\n\n\n\n<div class=\"wp-block-uagb-container uagb-block-b07669dc\">\n<div class=\"wp-block-uagb-image uagb-block-11685776 wp-block-uagb-image--layout-default wp-block-uagb-image--effect-static wp-block-uagb-image--align-none\"><figure class=\"wp-block-uagb-image__figure\"><img decoding=\"async\" srcset=\"https:\/\/florian-schreibt.de\/wp-content\/uploads\/2024\/07\/dbanner-1-1024x272.png ,https:\/\/florian-schreibt.de\/wp-content\/uploads\/2024\/07\/dbanner-1.png 780w, https:\/\/florian-schreibt.de\/wp-content\/uploads\/2024\/07\/dbanner-1.png 360w\" sizes=\"auto, (max-width: 480px) 150px\" src=\"https:\/\/florian-schreibt.de\/wp-content\/uploads\/2024\/07\/dbanner-1-1024x272.png\" alt=\"e-auto\" class=\"uag-image-784\" width=\"5292\" height=\"1404\" title=\"dbanner-1\" loading=\"lazy\" role=\"img\"\/><\/figure><\/div>\n<\/div>\n<\/div><\/div>\n\n\n\n<p>El uso de los nombres de la cervecer\u00eda, Bierhimmel y la cervecer\u00eda, as\u00ed como de dos im\u00e1genes facilitadas, se realiza con la amable autorizaci\u00f3n de Zwiefalter Klosterbr\u00e4u GmbH.  <\/p>\n\n\n\n<p><\/p>\n","protected":false},"excerpt":{"rendered":"<p>Est\u00e1s aqu\u00ed, en el coraz\u00f3n del Alb Suabo, lejos de Stuttgart o Ulm, en medio de la nada, donde el zorro y la liebre se dan literalmente las buenas noches. No creo que nadie que no lo conozca o lo busque expresamente espere tanto esplendor en un lugar tan tranquilo, rodeado de campos y monta\u00f1as. \ud83d\ude32<\/p>\n","protected":false},"author":1,"featured_media":4606,"comment_status":"open","ping_status":"open","sticky":false,"template":"","format":"standard","meta":{"_uag_custom_page_level_css":"","site-sidebar-layout":"default","site-content-layout":"","ast-site-content-layout":"default","site-content-style":"default","site-sidebar-style":"default","ast-global-header-display":"","ast-banner-title-visibility":"","ast-main-header-display":"","ast-hfb-above-header-display":"","ast-hfb-below-header-display":"","ast-hfb-mobile-header-display":"","site-post-title":"disabled","ast-breadcrumbs-content":"","ast-featured-img":"","footer-sml-layout":"","ast-disable-related-posts":"","theme-transparent-header-meta":"","adv-header-id-meta":"","stick-header-meta":"","header-above-stick-meta":"","header-main-stick-meta":"","header-below-stick-meta":"","astra-migrate-meta-layouts":"default","ast-page-background-enabled":"default","ast-page-background-meta":{"desktop":{"background-color":"var(--ast-global-color-4)","background-image":"","background-repeat":"repeat","background-position":"center center","background-size":"auto","background-attachment":"scroll","background-type":"","background-media":"","overlay-type":"","overlay-color":"","overlay-opacity":"","overlay-gradient":""},"tablet":{"background-color":"","background-image":"","background-repeat":"repeat","background-position":"center center","background-size":"auto","background-attachment":"scroll","background-type":"","background-media":"","overlay-type":"","overlay-color":"","overlay-opacity":"","overlay-gradient":""},"mobile":{"background-color":"","background-image":"","background-repeat":"repeat","background-position":"center center","background-size":"auto","background-attachment":"scroll","background-type":"","background-media":"","overlay-type":"","overlay-color":"","overlay-opacity":"","overlay-gradient":""}},"ast-content-background-meta":{"desktop":{"background-color":"var(--ast-global-color-5)","background-image":"","background-repeat":"repeat","background-position":"center center","background-size":"auto","background-attachment":"scroll","background-type":"","background-media":"","overlay-type":"","overlay-color":"","overlay-opacity":"","overlay-gradient":""},"tablet":{"background-color":"var(--ast-global-color-5)","background-image":"","background-repeat":"repeat","background-position":"center center","background-size":"auto","background-attachment":"scroll","background-type":"","background-media":"","overlay-type":"","overlay-color":"","overlay-opacity":"","overlay-gradient":""},"mobile":{"background-color":"var(--ast-global-color-5)","background-image":"","background-repeat":"repeat","background-position":"center center","background-size":"auto","background-attachment":"scroll","background-type":"","background-media":"","overlay-type":"","overlay-color":"","overlay-opacity":"","overlay-gradient":""}},"footnotes":""},"categories":[640],"tags":[1191,1198,916,1103,1194,1193,1196,1197,1192,1195],"class_list":["post-4727","post","type-post","status-publish","format-standard","has-post-thumbnail","hentry","category-blog-es","tag-2024-es","tag-abadia-imperial","tag-alemania","tag-baden-wurtemberg","tag-cerveceria-monasterio","tag-el-paraiso-de-la-cerveza","tag-iglesia-monasterio","tag-monasterio","tag-otono","tag-suabia-alb"],"uagb_featured_image_src":{"full":["https:\/\/florian-schreibt.de\/wp-content\/uploads\/2024\/11\/Zwiefalten5-jpg.webp",904,1200,false],"thumbnail":["https:\/\/florian-schreibt.de\/wp-content\/uploads\/2024\/11\/Zwiefalten5-150x150.webp",150,150,true],"medium":["https:\/\/florian-schreibt.de\/wp-content\/uploads\/2024\/11\/Zwiefalten5-226x300.webp",226,300,true],"medium_large":["https:\/\/florian-schreibt.de\/wp-content\/uploads\/2024\/11\/Zwiefalten5-768x1019.webp",768,1019,true],"large":["https:\/\/florian-schreibt.de\/wp-content\/uploads\/2024\/11\/Zwiefalten5-771x1024.webp",771,1024,true],"1536x1536":["https:\/\/florian-schreibt.de\/wp-content\/uploads\/2024\/11\/Zwiefalten5-jpg.webp",904,1200,false],"2048x2048":["https:\/\/florian-schreibt.de\/wp-content\/uploads\/2024\/11\/Zwiefalten5-jpg.webp",904,1200,false]},"uagb_author_info":{"display_name":"Florian","author_link":"https:\/\/florian-schreibt.de\/es\/author\/admin\/"},"uagb_comment_info":0,"uagb_excerpt":"Est\u00e1s aqu\u00ed, en el coraz\u00f3n del Alb Suabo, lejos de Stuttgart o Ulm, en medio de la nada, donde el zorro y la liebre se dan literalmente las buenas noches. No creo que nadie que no lo conozca o lo busque expresamente espere tanto esplendor en un lugar tan tranquilo, rodeado de campos y monta\u00f1as.&hellip;","amp_enabled":true,"_links":{"self":[{"href":"https:\/\/florian-schreibt.de\/es\/wp-json\/wp\/v2\/posts\/4727","targetHints":{"allow":["GET"]}}],"collection":[{"href":"https:\/\/florian-schreibt.de\/es\/wp-json\/wp\/v2\/posts"}],"about":[{"href":"https:\/\/florian-schreibt.de\/es\/wp-json\/wp\/v2\/types\/post"}],"author":[{"embeddable":true,"href":"https:\/\/florian-schreibt.de\/es\/wp-json\/wp\/v2\/users\/1"}],"replies":[{"embeddable":true,"href":"https:\/\/florian-schreibt.de\/es\/wp-json\/wp\/v2\/comments?post=4727"}],"version-history":[{"count":4,"href":"https:\/\/florian-schreibt.de\/es\/wp-json\/wp\/v2\/posts\/4727\/revisions"}],"predecessor-version":[{"id":4764,"href":"https:\/\/florian-schreibt.de\/es\/wp-json\/wp\/v2\/posts\/4727\/revisions\/4764"}],"wp:featuredmedia":[{"embeddable":true,"href":"https:\/\/florian-schreibt.de\/es\/wp-json\/wp\/v2\/media\/4606"}],"wp:attachment":[{"href":"https:\/\/florian-schreibt.de\/es\/wp-json\/wp\/v2\/media?parent=4727"}],"wp:term":[{"taxonomy":"category","embeddable":true,"href":"https:\/\/florian-schreibt.de\/es\/wp-json\/wp\/v2\/categories?post=4727"},{"taxonomy":"post_tag","embeddable":true,"href":"https:\/\/florian-schreibt.de\/es\/wp-json\/wp\/v2\/tags?post=4727"}],"curies":[{"name":"wp","href":"https:\/\/api.w.org\/{rel}","templated":true}]}}